{"id":707,"date":"2019-02-17T18:13:24","date_gmt":"2019-02-17T18:13:24","guid":{"rendered":"http:\/\/www.tulak.cz\/?p=707"},"modified":"2022-02-14T10:42:52","modified_gmt":"2022-02-14T10:42:52","slug":"oblibene-citaty","status":"publish","type":"post","link":"https:\/\/www.tulak.cz\/index.php\/2019\/02\/17\/oblibene-citaty\/","title":{"rendered":"Obl\u00edben\u00e9 cit\u00e1ty"},"content":{"rendered":"\n<hr class=\"wp-block-separator\"\/>\n\n\n\n<p>Prvn\u00ed l\u00e1ska je los, kter\u00fd nevyhr\u00e1v\u00e1, ale cel\u00fd \u017eivot si pamatuje\u0161 jeho \u010d\u00edslo. <em>\u00c9mile Zola<\/em><\/p>\n\n\n\n<hr class=\"wp-block-separator\"\/>\n\n\n\n<p>Ten, kdo \u010dte, \u017eije s ka\u017edou dal\u0161\u00ed knihou \u017eivot nav\u00edc. Kdo ne\u010dte, m\u00e1 jen ten sv\u016fj. <em>Oscar Wilde<\/em><\/p>\n\n\n\n<hr class=\"wp-block-separator\"\/>\n\n\n\n<p>Dr\u017e se d\u00e1l od negativn\u00edch lid\u00ed. Maj\u00ed probl\u00e9m na ka\u017ed\u00e9 \u0159e\u0161en\u00ed. <em>Albert Einstein<\/em><\/p>\n\n\n\n<hr class=\"wp-block-separator\"\/>\n\n\n\n<p>Up\u0159\u00edmnost ti nemus\u00ed p\u0159in\u00e9st mnoho p\u0159\u00e1tel, ale v\u017edy ti p\u0159inese ty spr\u00e1vn\u00e9.<em> John Lennon<\/em><\/p>\n\n\n\n<hr class=\"wp-block-separator\"\/>\n\n\n\n<p>P\u0159edstavivost byla \u010dlov\u011bku d\u00e1na, aby kompenzoval to, \u010d\u00edm nen\u00ed. A humor, aby p\u0159e\u017eil to, \u010d\u00edm je.  <em>Sir Francis Bacon<\/em>              <\/p>\n\n\n\n<hr class=\"wp-block-separator\"\/>\n\n\n\n<p>N\u011bkte\u0159\u00ed p\u016fsob\u00ed radost v\u0161ude kam p\u0159ijdou, ostatn\u00ed kdykoli odejdou. <em>Oscar Wilde<\/em><br><\/p>\n\n\n\n<hr class=\"wp-block-separator\"\/>\n\n\n\n<p>Bu\u010f s\u00e1m sebou, ostatn\u00ed u\u017e jsou obsazeni. <em>Oscar Wilde<\/em><\/p>\n\n\n\n<hr class=\"wp-block-separator\"\/>\n\n\n\n<p>Kdy\u017e \u010dlov\u011bk za\u010d\u00edn\u00e1 o kr\u00e1se p\u0159em\u00fd\u0161let, p\u0159est\u00e1v\u00e1 j\u00ed vn\u00edmat.\n<em>J.J.Rousseau<\/em><\/p>\n\n\n\n<hr class=\"wp-block-separator\"\/>\n\n\n\n<p>\u010clov\u011bk m\u00e1 m\u00edt odvahu za\u010d\u00ednat ka\u017ed\u00fd den nov\u00fd \u017eivot.\n<em>J.W.Goethe<\/em><\/p>\n\n\n\n<hr class=\"wp-block-separator\"\/>\n\n\n\n<p>\nNenad\u00e1vej na ml\u00e1d\u00ed, dokud si nevzpomene\u0161 na sv\u00e9!\n<em>Otakar Fi\u0161er<\/em><\/p>\n\n\n\n<hr class=\"wp-block-separator\"\/>\n\n\n\n<p>\nNebu\u010f nikdy lhostejn\u00fd, nebo\u0165 lhostejnost je nejv\u011bt\u0161\u00ed nep\u0159\u00edtel sm\u00edchu.\n<em>Mark Twain<\/em><\/p>\n\n\n\n<hr class=\"wp-block-separator\"\/>\n\n\n\n<p>\nI ty nejkr\u00e1sn\u011bj\u0161\u00ed nohy n\u011bkde kon\u010d\u00ed.\n<em>J. Tuwim<\/em><\/p>\n\n\n\n<hr class=\"wp-block-separator\"\/>\n\n\n\n<p>\nB\u016fh stvo\u0159il mu\u017ee a \u017eenu, ale zapomn\u011bl si to d\u00e1t patentovat, pro\u010de\u017e ka\u017ed\u00fd lep\u0161\u00ed hlup\u00e1k m\u016f\u017ee d\u011blat tot\u00e9\u017e.\n<em>G.B.Shaw<\/em><\/p>\n\n\n\n<hr class=\"wp-block-separator\"\/>\n\n\n\n<p>\n\u017divot je \u017eert. To jsem si v\u017edycky myslel, te\u010f to v\u00edm.\n<em>John Gay &#8211; n\u00e1hrobn\u00ed n\u00e1pis<\/em><\/p>\n\n\n\n<hr class=\"wp-block-separator\"\/>\n\n\n\n<p>V hn\u011bvu vyv\u0159e, co na srdci v\u0159e.\n<em>\u010cesk\u00e9 p\u0159\u00edslov\u00ed<\/em><\/p>\n\n\n\n<hr class=\"wp-block-separator\"\/>\n\n\n\n<p>\nDo \u017een a do meloun\u016f se nevid\u00ed.\n<em>Italsk\u00e9 p\u0159\u00edslov\u00ed<\/em><\/p>\n\n\n\n<hr class=\"wp-block-separator\"\/>\n\n\n\n<p>\nMluvte m\u00e1lo, jazyk nem\u00e1 ut\u00edkat p\u0159ed rozumem.\n<em>Ernest Hemingway<\/em><\/p>\n\n\n\n<hr class=\"wp-block-separator\"\/>\n\n\n\n<p>\nJeliko\u017e \u010dlov\u011bk miluje Boha, nesm\u00ed o\u010dek\u00e1vat, \u017ee B\u016fh bude za to milovat jeho.\n<em>Spinoza<\/em><\/p>\n\n\n\n<hr class=\"wp-block-separator\"\/>\n\n\n\n<p>\n\u0158\u00edkej v\u017edy pravdu, zvl\u00e1\u0161t\u011b pak d\u00edt\u011bti. Spl\u0148 v\u0161e, co mu sl\u00edb\u00ed\u0161, abys je nenau\u010dil l\u017ei.\n<em>Talmud<\/em><\/p>\n\n\n\n<hr class=\"wp-block-separator\"\/>\n\n\n\n<p>\nMan\u017eelstv\u00ed bez d\u011bt\u00ed &#8211; den bez slun\u00e9\u010dka.\n<em>\u010cesk\u00e9 p\u0159\u00edslov\u00ed<\/em><\/p>\n\n\n\n<hr class=\"wp-block-separator\"\/>\n\n\n\n<p>\nSt\u00e1rnut\u00ed nen\u00ed nic jin\u00e9ho ne\u017e zlozvyk, na kter\u00fd opravdu zam\u011bstnan\u00fd \u010dlov\u011bk nem\u00e1 \u010das.\n<em>A. Maurois<\/em><\/p>\n\n\n\n<hr class=\"wp-block-separator\"\/>\n\n\n\n<p>\nNespojuj se nikdy s t\u00edm, pro koho je jen prost\u0159edkem to, co je pro tebe c\u00edlem.\n<em>Fridrich Hebbel<\/em><\/p>\n\n\n\n<hr class=\"wp-block-separator\"\/>\n\n\n\n<p>\nSv\u011bt bude zlej, dokud lidi neza\u010dnou v\u011b\u0159it v lidi.\n<em>Josef \u010capek<\/em><\/p>\n\n\n\n<hr class=\"wp-block-separator\"\/>\n\n\n\n<p>\nV\u017edy odpou\u0161t\u011bjme sv\u00fdm nep\u0159\u00e1tel\u016fm &#8211; nic je nedok\u00e1\u017ee v\u00edc rozzu\u0159it.\n<em>Oscar Wilde<\/em><\/p>\n\n\n\n<hr class=\"wp-block-separator\"\/>\n\n\n\n<p>\nJak zr\u016fdn\u00e9 je m\u00edt moc a nem\u00edt my\u0161lenku.\n<em>Henrik Ibsen<\/em><\/p>\n\n\n\n<hr class=\"wp-block-separator\"\/>\n\n\n\n<p>\nTo nen\u00ed v\u016fbec p\u0159\u00e1telstv\u00ed, kdy\u017e jeden nechce sly\u0161et pravdu a druh\u00fd je ochoten lh\u00e1t.\n<em>M.T.Cicero<\/em><\/p>\n\n\n\n<hr class=\"wp-block-separator\"\/>\n\n\n\n<p>\nP\u00e1n m\u016f\u017ee b\u00fdt toliko sm\u011b\u0161n\u00fd, ale jeho sluha m\u00e1 humor. Je to jakoby velk\u00fd ot\u0159\u00e1saj\u00edc\u00ed sm\u00edch d\u011bjin zazn\u00edval zdola.\n<em>Karel \u010capek<\/em><\/p>\n\n\n\n<hr class=\"wp-block-separator\"\/>\n\n\n\n<p>\nZe v\u0161ech \u017eivo\u010dich\u016f jen \u010dlov\u011bk se um\u00ed sm\u00e1t, a\u010d k tomu m\u00e1 vlastn\u011b nejm\u00ed\u0148 d\u016fvod\u016f.\n<em>Ernest Hemingway<\/em><\/p>\n\n\n\n<hr class=\"wp-block-separator\"\/>\n\n\n\n<p>\nBu\u010f ml\u010d, nebo \u0159ekni n\u011bco, co je lep\u0161\u00ed ne\u017e ml\u010den\u00ed.\n<em>Pythagoras<\/em><\/p>\n\n\n\n<hr class=\"wp-block-separator\"\/>\n\n\n\n<p class=\"has-text-align-left\">\nHled\u00e1\u0161 pomocnou ruku? Nalezne\u0161 ji nejjist\u011bji na konci sv\u00e9ho ramene!\n<em>Mark Twain<\/em><\/p>\n\n\n\n<hr class=\"wp-block-separator\"\/>\n\n\n\n<p>\nMnoho cukru d\u00edt\u011bti zkaz\u00ed zuby mu\u017ee.\n<em>N\u011bmeck\u00e9 p\u0159\u00edslov\u00ed<\/em><\/p>\n\n\n\n<hr class=\"wp-block-separator\"\/>\n\n\n\n<p>\nP\u0159irozen\u011b bude\u0161 vypadat jen tehdy, kdy\u017e se o to nebude\u0161 sna\u017eit.\n<em>Rochefoucauld<\/em><\/p>\n\n\n\n<hr class=\"wp-block-separator\"\/>\n\n\n\n<p>\nDobr\u00e9 d\u011bti se vychov\u00e1vaj\u00ed samy.\n<em>Norsk\u00e9 p\u0159\u00edslov\u00ed<\/em><\/p>\n\n\n\n<hr class=\"wp-block-separator\"\/>\n\n\n\n<p>\nBl\u00e1znovstv\u00ed, pane, obch\u00e1z\u00ed kolem sv\u011bta jako slunce, nen\u00ed m\u00edsta, kde by nesv\u00edtilo.\n<em>W. Shakkespeare<\/em><\/p>\n\n\n\n<hr class=\"wp-block-separator\"\/>\n\n\n\n<p>\nJe t\u0159eba dvou let, ne\u017e se nau\u010d\u00edme mluvit a pades\u00e1ti, ne\u017e se nau\u010d\u00edme ml\u010det.\n<em>Ernest Hemingway<\/em><\/p>\n\n\n\n<hr class=\"wp-block-separator\"\/>\n\n\n\n<p>\nMl\u00e1d\u00ed je bo\u017esk\u00e1 nemoc, z n\u00ed\u017e se ka\u017ed\u00fd den trochu uzdravujeme.\n<em>Italsk\u00e9 p\u0159\u00edslov\u00ed<\/em><\/p>\n\n\n\n<hr class=\"wp-block-separator\"\/>\n\n\n\n<p>\n\u017d\u00e1dn\u00e1 p\u00edse\u0148 nen\u00ed tak dlouh\u00e1, aby j\u00ed nebylo konec.\n<em>\u010cesk\u00e9 p\u0159\u00edslov\u00ed<\/em><\/p>\n\n\n\n<hr class=\"wp-block-separator\"\/>\n\n\n\n<p>  Jen beznad\u011bjn\u00ed idioti cht\u011bj\u00ed m\u00edt u \u017een pravdu, nebo od nich \u017e\u00e1daj\u00ed logiku. <em>E. M. Remarque<\/em><\/p>\n\n\n\n<hr class=\"wp-block-separator\"\/>\n\n\n\n<p>\nLidsk\u00e9 \u0161t\u011bst\u00ed je takov\u00e1 \u0161\u0148\u016frka na kterou navl\u00e9k\u00e1me mal\u00e9 kor\u00e1lky, takov\u00e1 \nmal\u00e1 \u0161t\u011bst\u00ed &#8211; \u010d\u00edm jsou drobn\u011bj\u0161\u00ed a \u010d\u00edm je jich v\u00edc, t\u00edm je to \u0161t\u011bst\u00ed \nv\u011bt\u0161\u00ed.\n<em>Jan Werich<\/em><\/p>\n\n\n\n<hr class=\"wp-block-separator\"\/>\n\n\n\n<p>\nSt\u00e1\u0159\u00ed se m\u00e1 ct\u00edt, i kdyby se m\u011blo ml\u00e1tit hol\u00ed.\n<em>Holandsk\u00e9 p\u0159\u00edslov\u00ed<\/em><\/p>\n\n\n\n<hr class=\"wp-block-separator\"\/>\n\n\n\n<hr class=\"wp-block-separator\"\/>\n\n\n\n<p><br><\/p>\n","protected":false},"excerpt":{"rendered":"<p>Prvn\u00ed l\u00e1ska je los, kter\u00fd nevyhr\u00e1v\u00e1, ale cel\u00fd \u017eivot si pamatuje\u0161 jeho \u010d\u00edslo. \u00c9mile Zola Ten, kdo \u010dte, \u017eije s ka\u017edou dal\u0161\u00ed knihou \u017eivot nav\u00edc. Kdo ne\u010dte, m\u00e1 jen ten sv\u016fj. Oscar Wilde Dr\u017e se d\u00e1l od negativn\u00edch lid\u00ed. Maj\u00ed probl\u00e9m na ka\u017ed\u00e9 \u0159e\u0161en\u00ed. Albert Einstein Up\u0159\u00edmnost ti nemus\u00ed p\u0159in\u00e9st [&hellip;]<\/p>\n","protected":false},"author":1,"featured_media":709,"comment_status":"closed","ping_status":"closed","sticky":false,"template":"","format":"standard","meta":{"footnotes":""},"categories":[6],"tags":[],"class_list":["post-707","post","type-post","status-publish","format-standard","has-post-thumbnail","hentry","category-cancak"],"_links":{"self":[{"href":"https:\/\/www.tulak.cz\/index.php\/wp-json\/wp\/v2\/posts\/707","targetHints":{"allow":["GET"]}}],"collection":[{"href":"https:\/\/www.tulak.cz\/index.php\/wp-json\/wp\/v2\/posts"}],"about":[{"href":"https:\/\/www.tulak.cz\/index.php\/wp-json\/wp\/v2\/types\/post"}],"author":[{"embeddable":true,"href":"https:\/\/www.tulak.cz\/index.php\/wp-json\/wp\/v2\/users\/1"}],"replies":[{"embeddable":true,"href":"https:\/\/www.tulak.cz\/index.php\/wp-json\/wp\/v2\/comments?post=707"}],"version-history":[{"count":15,"href":"https:\/\/www.tulak.cz\/index.php\/wp-json\/wp\/v2\/posts\/707\/revisions"}],"predecessor-version":[{"id":1560,"href":"https:\/\/www.tulak.cz\/index.php\/wp-json\/wp\/v2\/posts\/707\/revisions\/1560"}],"wp:featuredmedia":[{"embeddable":true,"href":"https:\/\/www.tulak.cz\/index.php\/wp-json\/wp\/v2\/media\/709"}],"wp:attachment":[{"href":"https:\/\/www.tulak.cz\/index.php\/wp-json\/wp\/v2\/media?parent=707"}],"wp:term":[{"taxonomy":"category","embeddable":true,"href":"https:\/\/www.tulak.cz\/index.php\/wp-json\/wp\/v2\/categories?post=707"},{"taxonomy":"post_tag","embeddable":true,"href":"https:\/\/www.tulak.cz\/index.php\/wp-json\/wp\/v2\/tags?post=707"}],"curies":[{"name":"wp","href":"https:\/\/api.w.org\/{rel}","templated":true}]}}