{"id":697,"date":"2019-02-17T17:49:07","date_gmt":"2019-02-17T17:49:07","guid":{"rendered":"http:\/\/www.tulak.cz\/?p=697"},"modified":"2019-02-18T22:19:48","modified_gmt":"2019-02-18T22:19:48","slug":"taborove-brany","status":"publish","type":"post","link":"https:\/\/www.tulak.cz\/index.php\/2019\/02\/17\/taborove-brany\/","title":{"rendered":"T\u00e1borov\u00e9 br\u00e1ny"},"content":{"rendered":"\n<p class=\"has-background has-white-background-color\">Br\u00e1na je t\u00e9m\u011b\u0159 nezbytn\u00e1 na ka\u017ed\u00e9m t\u00e1bo\u0159e. Jej\u00ed \u00faprava je v\u011bc\u00ed vkusu \u010dlen\u016f t\u00e1bora a nelze proto d\u00e1t p\u0159esn\u00fd n\u00e1vod k jej\u00ed stavb\u011b. V\u0161eobecn\u011b lze \u0159\u00edct, \u017ee na n\u00ed m\u00e1 b\u00fdt pou\u017eit stejn\u00fd materi\u00e1l, jako p\u0159i stavb\u011b t\u00e1bora. Je nevkusn\u00e9 zdobit br\u00e1nu obr\u00e1zky, pomalovan\u00fdmi ter\u010di a rozs\u00e1hl\u00fdmi plachtami n\u00e1pis\u016f. Br\u00e1na, v\u00edc ne\u017e ostatn\u00ed stavby v t\u00e1bo\u0159e, mus\u00ed dob\u0159e zapadnout do p\u0159\u00edrodn\u00edho r\u00e1mce t\u00e1bora. Pokud m\u00e1me mo\u017enost t\u00e1bo\u0159it v les\u00edch , nehod\u00ed se nikdy na br\u00e1nu na\u0161eho t\u00e1bora r\u016fzn\u00e9 \u0159emesln\u00e9 v\u00fdrobky na hoblovan\u00fdch prknech, pest\u0159e pomalovan\u00e9, ka\u017ed\u00fd rok znovu p\u0159ev\u00e1\u017een\u00e9. Takov\u00e1 br\u00e1na nen\u00ed chloubou na\u0161\u00ed pr\u00e1ce ani v\u00fdrazem um\u011bn\u00ed obyvatel\u016f t\u00e1bora. Pokud je d\u0159ev\u011bn\u00fd materi\u00e1l br\u00e1ny opracov\u00e1n, je mo\u017en\u00e9 pou\u017e\u00edt vhodn\u00e9 primitivn\u00ed barvy ke zdoben\u00ed. Nejvkusn\u011bj\u0161\u00ed br\u00e1ny budou z p\u0159\u00edrodn\u00edho materi\u00e1lu. Br\u00e1nu um\u00edst\u00edme tak, aby se j\u00ed skute\u010dn\u011b pro vchod do t\u00e1bora pou\u017e\u00edvalo. Proto m\u016f\u017eeme prostor mezi br\u00e1nou a t\u00e1borem uzav\u0159\u00edt primitivn\u00edm plotem. <\/p>\n\n\n\n<p style=\"background-color:#60f8bf\" class=\"has-text-color has-background has-medium-font-size has-black-color\">Br\u00e1ny skautsk\u00e9ho odd\u00edlu &#8222;80&#8220;:<\/p>\n\n\n\n<ul class=\"wp-block-gallery columns-2 wp-block-gallery-1 is-layout-flex wp-block-gallery-is-layout-flex\"><li class=\"blocks-gallery-item\"><figure><img loading=\"lazy\" decoding=\"async\" width=\"576\" height=\"839\" src=\"http:\/\/www.tulak.cz\/wp-content\/uploads\/2019\/02\/brany1.gif\" alt=\"\" data-id=\"698\" class=\"wp-image-698\"\/><\/figure><\/li><li class=\"blocks-gallery-item\"><figure><img loading=\"lazy\" decoding=\"async\" width=\"576\" height=\"839\" src=\"http:\/\/www.tulak.cz\/wp-content\/uploads\/2019\/02\/brany2.gif\" alt=\"\" data-id=\"699\" data-link=\"http:\/\/www.tulak.cz\/?attachment_id=699\" class=\"wp-image-699\"\/><\/figure><\/li><li class=\"blocks-gallery-item\"><figure><img loading=\"lazy\" decoding=\"async\" width=\"576\" height=\"828\" src=\"http:\/\/www.tulak.cz\/wp-content\/uploads\/2019\/02\/brany3.gif\" alt=\"\" data-id=\"700\" data-link=\"http:\/\/www.tulak.cz\/?attachment_id=700\" class=\"wp-image-700\"\/><\/figure><\/li><li class=\"blocks-gallery-item\"><figure><img loading=\"lazy\" decoding=\"async\" width=\"576\" height=\"554\" src=\"http:\/\/www.tulak.cz\/wp-content\/uploads\/2019\/02\/brany4.gif\" alt=\"\" data-id=\"701\" data-link=\"http:\/\/www.tulak.cz\/?attachment_id=701\" class=\"wp-image-701\"\/><\/figure><\/li><li class=\"blocks-gallery-item\"><figure><img loading=\"lazy\" decoding=\"async\" width=\"576\" height=\"322\" src=\"http:\/\/www.tulak.cz\/wp-content\/uploads\/2019\/02\/brany5.gif\" alt=\"\" data-id=\"702\" data-link=\"http:\/\/www.tulak.cz\/?attachment_id=702\" class=\"wp-image-702\"\/><\/figure><\/li><\/ul>\n\n\n\n<figure class=\"wp-block-image\"><img loading=\"lazy\" decoding=\"async\" width=\"800\" height=\"571\" src=\"http:\/\/www.tulak.cz\/wp-content\/uploads\/2019\/02\/brm.jpg\" alt=\"\" class=\"wp-image-1133\" srcset=\"https:\/\/www.tulak.cz\/wp-content\/uploads\/2019\/02\/brm.jpg 800w, https:\/\/www.tulak.cz\/wp-content\/uploads\/2019\/02\/brm-300x214.jpg 300w, https:\/\/www.tulak.cz\/wp-content\/uploads\/2019\/02\/brm-640x457.jpg 640w, https:\/\/www.tulak.cz\/wp-content\/uploads\/2019\/02\/brm-768x548.jpg 768w, https:\/\/www.tulak.cz\/wp-content\/uploads\/2019\/02\/brm-600x428.jpg 600w\" sizes=\"auto, (max-width: 800px) 100vw, 800px\" \/><figcaption>T\u00e1borov\u00e1 br\u00e1na odd\u00edlu Bob\u0159i r. 1990<\/figcaption><\/figure>\n","protected":false},"excerpt":{"rendered":"<p>Br\u00e1na je t\u00e9m\u011b\u0159 nezbytn\u00e1 na ka\u017ed\u00e9m t\u00e1bo\u0159e. Jej\u00ed \u00faprava je v\u011bc\u00ed vkusu \u010dlen\u016f t\u00e1bora a nelze proto d\u00e1t p\u0159esn\u00fd n\u00e1vod k jej\u00ed stavb\u011b. V\u0161eobecn\u011b lze \u0159\u00edct, \u017ee na n\u00ed m\u00e1 b\u00fdt pou\u017eit stejn\u00fd materi\u00e1l, jako p\u0159i stavb\u011b t\u00e1bora. Je nevkusn\u00e9 zdobit br\u00e1nu obr\u00e1zky, pomalovan\u00fdmi ter\u010di a rozs\u00e1hl\u00fdmi plachtami n\u00e1pis\u016f. Br\u00e1na, [&hellip;]<\/p>\n","protected":false},"author":1,"featured_media":703,"comment_status":"closed","ping_status":"closed","sticky":false,"template":"","format":"standard","meta":{"footnotes":""},"categories":[3],"tags":[],"class_list":["post-697","post","type-post","status-publish","format-standard","has-post-thumbnail","hentry","category-tabornicka-praxe"],"_links":{"self":[{"href":"https:\/\/www.tulak.cz\/index.php\/wp-json\/wp\/v2\/posts\/697","targetHints":{"allow":["GET"]}}],"collection":[{"href":"https:\/\/www.tulak.cz\/index.php\/wp-json\/wp\/v2\/posts"}],"about":[{"href":"https:\/\/www.tulak.cz\/index.php\/wp-json\/wp\/v2\/types\/post"}],"author":[{"embeddable":true,"href":"https:\/\/www.tulak.cz\/index.php\/wp-json\/wp\/v2\/users\/1"}],"replies":[{"embeddable":true,"href":"https:\/\/www.tulak.cz\/index.php\/wp-json\/wp\/v2\/comments?post=697"}],"version-history":[{"count":2,"href":"https:\/\/www.tulak.cz\/index.php\/wp-json\/wp\/v2\/posts\/697\/revisions"}],"predecessor-version":[{"id":1134,"href":"https:\/\/www.tulak.cz\/index.php\/wp-json\/wp\/v2\/posts\/697\/revisions\/1134"}],"wp:featuredmedia":[{"embeddable":true,"href":"https:\/\/www.tulak.cz\/index.php\/wp-json\/wp\/v2\/media\/703"}],"wp:attachment":[{"href":"https:\/\/www.tulak.cz\/index.php\/wp-json\/wp\/v2\/media?parent=697"}],"wp:term":[{"taxonomy":"category","embeddable":true,"href":"https:\/\/www.tulak.cz\/index.php\/wp-json\/wp\/v2\/categories?post=697"},{"taxonomy":"post_tag","embeddable":true,"href":"https:\/\/www.tulak.cz\/index.php\/wp-json\/wp\/v2\/tags?post=697"}],"curies":[{"name":"wp","href":"https:\/\/api.w.org\/{rel}","templated":true}]}}