{"id":631,"date":"2019-02-15T19:56:13","date_gmt":"2019-02-15T19:56:13","guid":{"rendered":"http:\/\/www.tulak.cz\/?p=631"},"modified":"2019-02-17T17:51:28","modified_gmt":"2019-02-17T17:51:28","slug":"villa-nova-uhrinov","status":"publish","type":"post","link":"https:\/\/www.tulak.cz\/index.php\/2019\/02\/15\/villa-nova-uhrinov\/","title":{"rendered":"Villa Nova Uh\u0159\u00ednov"},"content":{"rendered":"\n<p>Archeologick\u00e9 muzeum v p\u0159\u00edrod\u011b Villa Nova se nach\u00e1z\u00ed v malebn\u00e9 oblasti Orlick\u00fdch hor na cest\u011b mezi Rychnovem nad Kn\u011b\u017enou a De\u0161tn\u00fdm v Orlick\u00fdch hor\u00e1ch. Ob\u010dansk\u00e9 sdru\u017een\u00ed Villa Nova Uh\u0159\u00ednov &#8211; st\u0159edisko experiment\u00e1ln\u00ed archeologie bylo zalo\u017eeno roku 1993. od t\u00e9 doby usiluje o vybudov\u00e1n\u00ed funk\u010dn\u00edho st\u0159ediska experiment\u00e1ln\u00ed archeologie s r\u016fzn\u00fdmi aspekty tohoto oboru. Hlavn\u00edm c\u00edlem sdru\u017een\u00ed je v\u00fdstavba skanzen st\u0159edov\u011bk\u00e9ho skanzenu p\u0159i respektov\u00e1n\u00ed v\u0161ech z\u00e1sad archeologick\u00e9ho experimentu (ke stavb\u011b, \u00fadr\u017eb\u011b a provozu staveb jsou pou\u017e\u00edv\u00e1ny v\u00fdhradn\u011b repliky st\u0159edov\u011bk\u00fdch n\u00e1stroj\u016f a star\u00e9 technologick\u00e9 postupy.<br>Budovan\u00fd skanzen je kladen do \u010dasov\u00e9ho obdob\u00ed 13.-14. stolet\u00ed. Rozprost\u00edr\u00e1 se na pozemku o v\u00fdm\u011b\u0159e cca 7 ha v prost\u0159ed\u00ed louky obklopen\u00e9 sm\u00ed\u0161en\u00fdm lesem nedaleko vsi Velk\u00fd Uh\u0159\u00ednov. do t\u011bchto dn\u016f se poda\u0159ilo postavit dva obytn\u00e9 domy, kov\u00e1rnu, hrn\u010d\u00ed\u0159sk\u00fd okrsek s pecemi, objekt kolomazn\u00e9 pece a n\u011bkolik hospod\u00e1\u0159sk\u00fdch staveb. Dominantou cel\u00e9ho skanzenu bude v bl\u00edzk\u00e9 dob\u011b i budova tvrze, obydl\u00ed ni\u017e\u0161\u00edho \u0161lechtice.<br>Mimo rekonstrukc\u00ed st\u0159edov\u011bk\u00fdch staven\u00ed se sdru\u017een\u00ed zab\u00fdv\u00e1 tak\u00e9 rekonstrukc\u00ed st\u0159edov\u011bk\u00e9ho zem\u011bd\u011blstv\u00ed. K tomuto \u00fa\u010delu byla ve skanzenu zalo\u017eena dv\u011b pokusn\u00e1 pole o celkov\u00e9 v\u00fdm\u011b\u0159e 600 m2 pro p\u011bstov\u00e1n\u00ed r\u016fzn\u00fdch druh\u016f obilnin a men\u0161\u00ed bylinn\u00e1 zahr\u00e1dka.<br>Krom\u011b v\u011bdeck\u00fdch \u00fa\u010del\u016f je skanzen vyu\u017e\u00edv\u00e1n tak\u00e9 pro \u0161koln\u00ed a mimo\u0161koln\u00ed archeologickou a ekologickou v\u00fdchovu, kter\u00e1 je interpretov\u00e1na na z\u00e1klad\u011b odborn\u00fdch znalost\u00ed z obou obor\u016f. D\u011bti zde maj\u00ed mo\u017enost sezn\u00e1mit se s teoretick\u00fdmi z\u00e1klady archeologie a ekologie a dozv\u011bd\u011bt se v\u00edce o st\u0159edov\u011bk\u00e9m zp\u016fsobu \u017eivota. Tuto teorii si potom nav\u00edc mohou na vlastn\u00ed k\u016f\u017ei vyzkou\u0161et p\u0159i r\u016fzn\u00fdch experiment\u00e1ln\u00edch \u010dinnostech ve skanzenu. Od roku 1999 prob\u00edh\u00e1 \u0161koln\u00ed v\u00fduka formou jednodenn\u00edch exkurz\u00ed, mimo\u0161koln\u00ed formou d\u011btsk\u00fdch letn\u00edch t\u00e1bor\u016f (pro z\u00e1kladn\u00ed \u0161koly) a v\u00edkendov\u00fdch semin\u00e1\u0159\u016f a studentsk\u00fdch prax\u00ed pro st\u0159edo\u0161kol\u00e1ky a vysoko\u0161kol\u00e1ky.<\/p>\n\n\n\n<ul class=\"wp-block-gallery columns-3 is-cropped wp-block-gallery-1 is-layout-flex wp-block-gallery-is-layout-flex\"><li class=\"blocks-gallery-item\"><figure><img loading=\"lazy\" decoding=\"async\" width=\"640\" height=\"480\" src=\"http:\/\/www.tulak.cz\/wp-content\/uploads\/2019\/02\/Rouben\u00e1-polozemnice.jpg\" alt=\"\" data-id=\"632\" data-link=\"http:\/\/www.tulak.cz\/?attachment_id=632\" class=\"wp-image-632\" srcset=\"https:\/\/www.tulak.cz\/wp-content\/uploads\/2019\/02\/Rouben\u00e1-polozemnice.jpg 640w, https:\/\/www.tulak.cz\/wp-content\/uploads\/2019\/02\/Rouben\u00e1-polozemnice-300x225.jpg 300w, https:\/\/www.tulak.cz\/wp-content\/uploads\/2019\/02\/Rouben\u00e1-polozemnice-600x450.jpg 600w\" sizes=\"auto, (max-width: 640px) 100vw, 640px\" \/><figcaption>Rouben\u00e1 polozemnice<\/figcaption><\/figure><\/li><li class=\"blocks-gallery-item\"><figure><img loading=\"lazy\" decoding=\"async\" width=\"640\" height=\"480\" src=\"http:\/\/www.tulak.cz\/wp-content\/uploads\/2019\/02\/Ml\u00fdnek-na-mouku.jpg\" alt=\"\" data-id=\"633\" data-link=\"http:\/\/www.tulak.cz\/?attachment_id=633\" class=\"wp-image-633\" srcset=\"https:\/\/www.tulak.cz\/wp-content\/uploads\/2019\/02\/Ml\u00fdnek-na-mouku.jpg 640w, https:\/\/www.tulak.cz\/wp-content\/uploads\/2019\/02\/Ml\u00fdnek-na-mouku-300x225.jpg 300w, https:\/\/www.tulak.cz\/wp-content\/uploads\/2019\/02\/Ml\u00fdnek-na-mouku-600x450.jpg 600w\" sizes=\"auto, (max-width: 640px) 100vw, 640px\" \/><figcaption>Ml\u00fdnek na mouku<\/figcaption><\/figure><\/li><li class=\"blocks-gallery-item\"><figure><img loading=\"lazy\" decoding=\"async\" width=\"360\" height=\"480\" src=\"http:\/\/www.tulak.cz\/wp-content\/uploads\/2019\/02\/Vnit\u0159ek-polozemnice.jpg\" alt=\"\" data-id=\"634\" data-link=\"http:\/\/www.tulak.cz\/?attachment_id=634\" class=\"wp-image-634\" srcset=\"https:\/\/www.tulak.cz\/wp-content\/uploads\/2019\/02\/Vnit\u0159ek-polozemnice.jpg 360w, https:\/\/www.tulak.cz\/wp-content\/uploads\/2019\/02\/Vnit\u0159ek-polozemnice-225x300.jpg 225w\" sizes=\"auto, (max-width: 360px) 100vw, 360px\" \/><figcaption>Vnit\u0159ek polozemnice<\/figcaption><\/figure><\/li><li class=\"blocks-gallery-item\"><figure><img loading=\"lazy\" decoding=\"async\" width=\"640\" height=\"480\" src=\"http:\/\/www.tulak.cz\/wp-content\/uploads\/2019\/02\/Pec-na-chleba.jpg\" alt=\"\" data-id=\"635\" data-link=\"http:\/\/www.tulak.cz\/?attachment_id=635\" class=\"wp-image-635\" srcset=\"https:\/\/www.tulak.cz\/wp-content\/uploads\/2019\/02\/Pec-na-chleba.jpg 640w, https:\/\/www.tulak.cz\/wp-content\/uploads\/2019\/02\/Pec-na-chleba-300x225.jpg 300w, https:\/\/www.tulak.cz\/wp-content\/uploads\/2019\/02\/Pec-na-chleba-600x450.jpg 600w\" sizes=\"auto, (max-width: 640px) 100vw, 640px\" \/><figcaption>Pec na chleba<\/figcaption><\/figure><\/li><li class=\"blocks-gallery-item\"><figure><img loading=\"lazy\" decoding=\"async\" width=\"640\" height=\"480\" src=\"http:\/\/www.tulak.cz\/wp-content\/uploads\/2019\/02\/Stavba-hospod\u00e1\u0159sk\u00e9-budovy.jpg\" alt=\"\" data-id=\"636\" data-link=\"http:\/\/www.tulak.cz\/?attachment_id=636\" class=\"wp-image-636\" srcset=\"https:\/\/www.tulak.cz\/wp-content\/uploads\/2019\/02\/Stavba-hospod\u00e1\u0159sk\u00e9-budovy.jpg 640w, https:\/\/www.tulak.cz\/wp-content\/uploads\/2019\/02\/Stavba-hospod\u00e1\u0159sk\u00e9-budovy-300x225.jpg 300w, https:\/\/www.tulak.cz\/wp-content\/uploads\/2019\/02\/Stavba-hospod\u00e1\u0159sk\u00e9-budovy-600x450.jpg 600w\" sizes=\"auto, (max-width: 640px) 100vw, 640px\" \/><figcaption>Stavba hospod\u00e1\u0159sk\u00e9 budovy<\/figcaption><\/figure><\/li><li class=\"blocks-gallery-item\"><figure><img loading=\"lazy\" decoding=\"async\" width=\"640\" height=\"480\" src=\"http:\/\/www.tulak.cz\/wp-content\/uploads\/2019\/02\/Kov\u00e1rna.jpg\" alt=\"\" data-id=\"637\" data-link=\"http:\/\/www.tulak.cz\/?attachment_id=637\" class=\"wp-image-637\" srcset=\"https:\/\/www.tulak.cz\/wp-content\/uploads\/2019\/02\/Kov\u00e1rna.jpg 640w, https:\/\/www.tulak.cz\/wp-content\/uploads\/2019\/02\/Kov\u00e1rna-300x225.jpg 300w, https:\/\/www.tulak.cz\/wp-content\/uploads\/2019\/02\/Kov\u00e1rna-600x450.jpg 600w\" sizes=\"auto, (max-width: 640px) 100vw, 640px\" \/><figcaption>Kov\u00e1rna<\/figcaption><\/figure><\/li><li class=\"blocks-gallery-item\"><figure><img loading=\"lazy\" decoding=\"async\" width=\"640\" height=\"480\" src=\"http:\/\/www.tulak.cz\/wp-content\/uploads\/2019\/02\/Z\u00e1klady-nov\u00e9-stavby.jpg\" alt=\"\" data-id=\"638\" data-link=\"http:\/\/www.tulak.cz\/?attachment_id=638\" class=\"wp-image-638\" srcset=\"https:\/\/www.tulak.cz\/wp-content\/uploads\/2019\/02\/Z\u00e1klady-nov\u00e9-stavby.jpg 640w, https:\/\/www.tulak.cz\/wp-content\/uploads\/2019\/02\/Z\u00e1klady-nov\u00e9-stavby-300x225.jpg 300w, https:\/\/www.tulak.cz\/wp-content\/uploads\/2019\/02\/Z\u00e1klady-nov\u00e9-stavby-600x450.jpg 600w\" sizes=\"auto, (max-width: 640px) 100vw, 640px\" \/><figcaption>Z\u00e1klady nov\u00e9 stavby<\/figcaption><\/figure><\/li><li class=\"blocks-gallery-item\"><figure><img loading=\"lazy\" decoding=\"async\" width=\"640\" height=\"480\" src=\"http:\/\/www.tulak.cz\/wp-content\/uploads\/2019\/02\/Su\u0161\u00e1rna.jpg\" alt=\"\" data-id=\"639\" data-link=\"http:\/\/www.tulak.cz\/?attachment_id=639\" class=\"wp-image-639\" srcset=\"https:\/\/www.tulak.cz\/wp-content\/uploads\/2019\/02\/Su\u0161\u00e1rna.jpg 640w, https:\/\/www.tulak.cz\/wp-content\/uploads\/2019\/02\/Su\u0161\u00e1rna-300x225.jpg 300w, https:\/\/www.tulak.cz\/wp-content\/uploads\/2019\/02\/Su\u0161\u00e1rna-600x450.jpg 600w\" sizes=\"auto, (max-width: 640px) 100vw, 640px\" \/><figcaption>Su\u0161\u00e1rna<\/figcaption><\/figure><\/li><li class=\"blocks-gallery-item\"><figure><img loading=\"lazy\" decoding=\"async\" width=\"640\" height=\"480\" src=\"http:\/\/www.tulak.cz\/wp-content\/uploads\/2019\/02\/Chl\u00e9v-pro-kozy.jpg\" alt=\"\" data-id=\"640\" data-link=\"http:\/\/www.tulak.cz\/?attachment_id=640\" class=\"wp-image-640\" srcset=\"https:\/\/www.tulak.cz\/wp-content\/uploads\/2019\/02\/Chl\u00e9v-pro-kozy.jpg 640w, https:\/\/www.tulak.cz\/wp-content\/uploads\/2019\/02\/Chl\u00e9v-pro-kozy-300x225.jpg 300w, https:\/\/www.tulak.cz\/wp-content\/uploads\/2019\/02\/Chl\u00e9v-pro-kozy-600x450.jpg 600w\" sizes=\"auto, (max-width: 640px) 100vw, 640px\" \/><figcaption>Chl\u00e9v pro kozy<\/figcaption><\/figure><\/li><li class=\"blocks-gallery-item\"><figure><img loading=\"lazy\" decoding=\"async\" width=\"360\" height=\"480\" src=\"http:\/\/www.tulak.cz\/wp-content\/uploads\/2019\/02\/Sympatick\u00e1-pr\u016fvodkyn\u011b.jpg\" alt=\"\" data-id=\"641\" data-link=\"http:\/\/www.tulak.cz\/?attachment_id=641\" class=\"wp-image-641\" srcset=\"https:\/\/www.tulak.cz\/wp-content\/uploads\/2019\/02\/Sympatick\u00e1-pr\u016fvodkyn\u011b.jpg 360w, https:\/\/www.tulak.cz\/wp-content\/uploads\/2019\/02\/Sympatick\u00e1-pr\u016fvodkyn\u011b-225x300.jpg 225w\" sizes=\"auto, (max-width: 360px) 100vw, 360px\" \/><figcaption>Sympatick\u00e1 pr\u016fvodkyn\u011b<\/figcaption><\/figure><\/li><li class=\"blocks-gallery-item\"><figure><img loading=\"lazy\" decoding=\"async\" width=\"360\" height=\"480\" src=\"http:\/\/www.tulak.cz\/wp-content\/uploads\/2019\/02\/Odborn\u00fd-v\u00fdklad.jpg\" alt=\"\" data-id=\"642\" data-link=\"http:\/\/www.tulak.cz\/?attachment_id=642\" class=\"wp-image-642\" srcset=\"https:\/\/www.tulak.cz\/wp-content\/uploads\/2019\/02\/Odborn\u00fd-v\u00fdklad.jpg 360w, https:\/\/www.tulak.cz\/wp-content\/uploads\/2019\/02\/Odborn\u00fd-v\u00fdklad-225x300.jpg 225w\" sizes=\"auto, (max-width: 360px) 100vw, 360px\" \/><figcaption>Odborn\u00fd v\u00fdklad<\/figcaption><\/figure><\/li><li class=\"blocks-gallery-item\"><figure><img loading=\"lazy\" decoding=\"async\" width=\"640\" height=\"480\" src=\"http:\/\/www.tulak.cz\/wp-content\/uploads\/2019\/02\/Sad.jpg\" alt=\"\" data-id=\"643\" data-link=\"http:\/\/www.tulak.cz\/?attachment_id=643\" class=\"wp-image-643\" srcset=\"https:\/\/www.tulak.cz\/wp-content\/uploads\/2019\/02\/Sad.jpg 640w, https:\/\/www.tulak.cz\/wp-content\/uploads\/2019\/02\/Sad-300x225.jpg 300w, https:\/\/www.tulak.cz\/wp-content\/uploads\/2019\/02\/Sad-600x450.jpg 600w\" sizes=\"auto, (max-width: 640px) 100vw, 640px\" \/><figcaption>Sad<\/figcaption><\/figure><\/li><li class=\"blocks-gallery-item\"><figure><img loading=\"lazy\" decoding=\"async\" width=\"640\" height=\"480\" src=\"http:\/\/www.tulak.cz\/wp-content\/uploads\/2019\/02\/Bylinn\u00e1-zahr\u00e1dka.jpg\" alt=\"\" data-id=\"644\" data-link=\"http:\/\/www.tulak.cz\/?attachment_id=644\" class=\"wp-image-644\" srcset=\"https:\/\/www.tulak.cz\/wp-content\/uploads\/2019\/02\/Bylinn\u00e1-zahr\u00e1dka.jpg 640w, https:\/\/www.tulak.cz\/wp-content\/uploads\/2019\/02\/Bylinn\u00e1-zahr\u00e1dka-300x225.jpg 300w, https:\/\/www.tulak.cz\/wp-content\/uploads\/2019\/02\/Bylinn\u00e1-zahr\u00e1dka-600x450.jpg 600w\" sizes=\"auto, (max-width: 640px) 100vw, 640px\" \/><figcaption>Bylinn\u00e1 zahr\u00e1dka<\/figcaption><\/figure><\/li><li class=\"blocks-gallery-item\"><figure><img loading=\"lazy\" decoding=\"async\" width=\"640\" height=\"480\" src=\"http:\/\/www.tulak.cz\/wp-content\/uploads\/2019\/02\/Zahr\u00e1dka.jpg\" alt=\"\" data-id=\"645\" data-link=\"http:\/\/www.tulak.cz\/?attachment_id=645\" class=\"wp-image-645\" srcset=\"https:\/\/www.tulak.cz\/wp-content\/uploads\/2019\/02\/Zahr\u00e1dka.jpg 640w, https:\/\/www.tulak.cz\/wp-content\/uploads\/2019\/02\/Zahr\u00e1dka-300x225.jpg 300w, https:\/\/www.tulak.cz\/wp-content\/uploads\/2019\/02\/Zahr\u00e1dka-600x450.jpg 600w\" sizes=\"auto, (max-width: 640px) 100vw, 640px\" \/><figcaption>Zahr\u00e1dka<\/figcaption><\/figure><\/li><li class=\"blocks-gallery-item\"><figure><img loading=\"lazy\" decoding=\"async\" width=\"640\" height=\"480\" src=\"http:\/\/www.tulak.cz\/wp-content\/uploads\/2019\/02\/Rozestav\u011bn\u00e1-tvrz.jpg\" alt=\"\" data-id=\"646\" data-link=\"http:\/\/www.tulak.cz\/?attachment_id=646\" class=\"wp-image-646\" srcset=\"https:\/\/www.tulak.cz\/wp-content\/uploads\/2019\/02\/Rozestav\u011bn\u00e1-tvrz.jpg 640w, https:\/\/www.tulak.cz\/wp-content\/uploads\/2019\/02\/Rozestav\u011bn\u00e1-tvrz-300x225.jpg 300w, https:\/\/www.tulak.cz\/wp-content\/uploads\/2019\/02\/Rozestav\u011bn\u00e1-tvrz-600x450.jpg 600w\" sizes=\"auto, (max-width: 640px) 100vw, 640px\" \/><figcaption>Rozestav\u011bn\u00e1 tvrz<\/figcaption><\/figure><\/li><\/ul>\n\n\n\n<pre class=\"wp-block-preformatted\"><a href=\"https:\/\/www.villanova.cz\/\" target=\"_blank\" rel=\"noreferrer noopener\" aria-label=\" (otev\u0159e se na nov\u00e9 z\u00e1lo\u017ece)\">https:\/\/www.villanova.cz\/<\/a><\/pre>\n","protected":false},"excerpt":{"rendered":"<p>Archeologick\u00e9 muzeum v p\u0159\u00edrod\u011b Villa Nova se nach\u00e1z\u00ed v malebn\u00e9 oblasti Orlick\u00fdch hor na cest\u011b mezi Rychnovem nad Kn\u011b\u017enou a De\u0161tn\u00fdm v Orlick\u00fdch hor\u00e1ch. Ob\u010dansk\u00e9 sdru\u017een\u00ed Villa Nova Uh\u0159\u00ednov &#8211; st\u0159edisko experiment\u00e1ln\u00ed archeologie bylo zalo\u017eeno roku 1993. od t\u00e9 doby usiluje o vybudov\u00e1n\u00ed funk\u010dn\u00edho st\u0159ediska experiment\u00e1ln\u00ed archeologie s r\u016fzn\u00fdmi aspekty [&hellip;]<\/p>\n","protected":false},"author":1,"featured_media":648,"comment_status":"closed","ping_status":"closed","sticky":false,"template":"","format":"standard","meta":{"footnotes":""},"categories":[4],"tags":[],"class_list":["post-631","post","type-post","status-publish","format-standard","has-post-thumbnail","hentry","category-tipy-na-vypravu"],"_links":{"self":[{"href":"https:\/\/www.tulak.cz\/index.php\/wp-json\/wp\/v2\/posts\/631","targetHints":{"allow":["GET"]}}],"collection":[{"href":"https:\/\/www.tulak.cz\/index.php\/wp-json\/wp\/v2\/posts"}],"about":[{"href":"https:\/\/www.tulak.cz\/index.php\/wp-json\/wp\/v2\/types\/post"}],"author":[{"embeddable":true,"href":"https:\/\/www.tulak.cz\/index.php\/wp-json\/wp\/v2\/users\/1"}],"replies":[{"embeddable":true,"href":"https:\/\/www.tulak.cz\/index.php\/wp-json\/wp\/v2\/comments?post=631"}],"version-history":[{"count":5,"href":"https:\/\/www.tulak.cz\/index.php\/wp-json\/wp\/v2\/posts\/631\/revisions"}],"predecessor-version":[{"id":657,"href":"https:\/\/www.tulak.cz\/index.php\/wp-json\/wp\/v2\/posts\/631\/revisions\/657"}],"wp:featuredmedia":[{"embeddable":true,"href":"https:\/\/www.tulak.cz\/index.php\/wp-json\/wp\/v2\/media\/648"}],"wp:attachment":[{"href":"https:\/\/www.tulak.cz\/index.php\/wp-json\/wp\/v2\/media?parent=631"}],"wp:term":[{"taxonomy":"category","embeddable":true,"href":"https:\/\/www.tulak.cz\/index.php\/wp-json\/wp\/v2\/categories?post=631"},{"taxonomy":"post_tag","embeddable":true,"href":"https:\/\/www.tulak.cz\/index.php\/wp-json\/wp\/v2\/tags?post=631"}],"curies":[{"name":"wp","href":"https:\/\/api.w.org\/{rel}","templated":true}]}}