{"id":20,"date":"2019-01-30T19:34:55","date_gmt":"2019-01-30T19:34:55","guid":{"rendered":"http:\/\/www.tulak.cz\/?p=20"},"modified":"2019-02-17T17:55:00","modified_gmt":"2019-02-17T17:55:00","slug":"vicko-na-esus","status":"publish","type":"post","link":"https:\/\/www.tulak.cz\/index.php\/2019\/01\/30\/vicko-na-esus\/","title":{"rendered":"V\u00ed\u010dko na e\u0161us"},"content":{"rendered":"\n<div class=\"wp-block-media-text alignwide\"><figure class=\"wp-block-media-text__media\"><img loading=\"lazy\" decoding=\"async\" width=\"640\" height=\"480\" src=\"http:\/\/www.tulak.cz\/wp-content\/uploads\/2019\/01\/Ohe\u0148-a-e\u0161us.jpg\" alt=\"\" class=\"wp-image-92\" srcset=\"https:\/\/www.tulak.cz\/wp-content\/uploads\/2019\/01\/Ohe\u0148-a-e\u0161us.jpg 640w, https:\/\/www.tulak.cz\/wp-content\/uploads\/2019\/01\/Ohe\u0148-a-e\u0161us-600x450.jpg 600w, https:\/\/www.tulak.cz\/wp-content\/uploads\/2019\/01\/Ohe\u0148-a-e\u0161us-300x225.jpg 300w\" sizes=\"auto, (max-width: 640px) 100vw, 640px\" \/><\/figure><div class=\"wp-block-media-text__content\">\n<p style=\"background-color:#60f8bf;font-size:25px\" class=\"has-text-color has-background has-black-color\">Ohe\u0148 a e\u0161us<\/p>\n\n\n\n<p class=\"has-medium-font-size\">P\u0159i va\u0159en\u00ed na ohni se v\u011bt\u0161inou sna\u017e\u00edme, aby co nejv\u011bt\u0161\u00ed plocha e\u0161usu byla zah\u0159\u00edv\u00e1na ohn\u011bm. Tady je e\u0161us polo\u017een na dv\u011b siln\u00e1 \u017ehnouc\u00ed polena na okraji ohni\u0161t\u011b. Tyto polena jsme tam dali hned po rozd\u011bl\u00e1n\u00ed ohn\u011b, aby se spr\u00e1vn\u011b rozho\u0159ela.<\/p>\n<\/div><\/div>\n\n\n\n<h6 class=\"wp-block-heading\"><\/h6>\n\n\n\n<div class=\"wp-block-media-text alignwide\"><figure class=\"wp-block-media-text__media\"><img loading=\"lazy\" decoding=\"async\" width=\"640\" height=\"480\" src=\"http:\/\/www.tulak.cz\/wp-content\/uploads\/2019\/01\/V\u00ed\u010dko-e\u0161usu-a-ohe\u0148.jpg\" alt=\"\" class=\"wp-image-95\" srcset=\"https:\/\/www.tulak.cz\/wp-content\/uploads\/2019\/01\/V\u00ed\u010dko-e\u0161usu-a-ohe\u0148.jpg 640w, https:\/\/www.tulak.cz\/wp-content\/uploads\/2019\/01\/V\u00ed\u010dko-e\u0161usu-a-ohe\u0148-600x450.jpg 600w, https:\/\/www.tulak.cz\/wp-content\/uploads\/2019\/01\/V\u00ed\u010dko-e\u0161usu-a-ohe\u0148-300x225.jpg 300w\" sizes=\"auto, (max-width: 640px) 100vw, 640px\" \/><\/figure><div class=\"wp-block-media-text__content\">\n<p style=\"background-color:#60f8bf;font-size:25px\" class=\"has-text-color has-background has-very-dark-gray-color\">V\u00ed\u010dko e\u0161usu a ohe\u0148<\/p>\n\n\n\n<p class=\"has-medium-font-size\">Aby se voda d\u0159\u00edv uva\u0159ila a tak\u00e9, aby do n\u00ed nepadaly r\u016fzn\u00e9 ne\u010distoty, je pot\u0159eba e\u0161us zakr\u00fdt v\u00ed\u010dkem. V\u00ed\u010dko je stejn\u011b vystaveno ohni jako e\u0161us. \u010cas od \u010dasu se pot\u0159ebujete do e\u0161usu pod\u00edvat. Osv\u011bd\u010dilo se n\u00e1m d\u00e1vat v\u00ed\u010dko na e\u0161us obr\u00e1cen\u011b, aby se l\u00e9pe bralo.<\/p>\n<\/div><\/div>\n\n\n\n<h6 class=\"wp-block-heading\"><\/h6>\n\n\n\n<div class=\"wp-block-media-text alignwide\"><figure class=\"wp-block-media-text__media\"><img loading=\"lazy\" decoding=\"async\" width=\"640\" height=\"480\" src=\"http:\/\/www.tulak.cz\/wp-content\/uploads\/2019\/01\/Uchopen\u00ed-v\u00ed\u010dka.jpg\" alt=\"\" class=\"wp-image-96\" srcset=\"https:\/\/www.tulak.cz\/wp-content\/uploads\/2019\/01\/Uchopen\u00ed-v\u00ed\u010dka.jpg 640w, https:\/\/www.tulak.cz\/wp-content\/uploads\/2019\/01\/Uchopen\u00ed-v\u00ed\u010dka-600x450.jpg 600w, https:\/\/www.tulak.cz\/wp-content\/uploads\/2019\/01\/Uchopen\u00ed-v\u00ed\u010dka-300x225.jpg 300w\" sizes=\"auto, (max-width: 640px) 100vw, 640px\" \/><\/figure><div class=\"wp-block-media-text__content\">\n<p style=\"background-color:#60f8bf;font-size:25px\" class=\"has-text-color has-background has-very-dark-gray-color\">Uchopen\u00ed v\u00ed\u010dka<\/p>\n\n\n\n<p class=\"has-medium-font-size\">Nejl\u00e9pe je vz\u00edt kapesn\u00edk, \u010depici apod. uchopit v\u00ed\u010dko za okraj a nadzvednout. Je ov\u0161em t\u0159eba, aby v\u00ed\u010dko v e\u0161usu sed\u011blo lehce. Pokud je e\u0161us k\u0159iv\u00fd, p\u0159ed va\u0159en\u00edm jej vyrovn\u00e1me, a\u017e jde v\u00ed\u010dko lehce nasazovat.<\/p>\n<\/div><\/div>\n\n\n\n<h6 class=\"wp-block-heading\"><\/h6>\n\n\n\n<div class=\"wp-block-media-text alignwide\"><figure class=\"wp-block-media-text__media\"><img loading=\"lazy\" decoding=\"async\" width=\"640\" height=\"480\" src=\"http:\/\/www.tulak.cz\/wp-content\/uploads\/2019\/01\/Odklopen\u00ed-v\u00ed\u010dka.jpg\" alt=\"\" class=\"wp-image-97\" srcset=\"https:\/\/www.tulak.cz\/wp-content\/uploads\/2019\/01\/Odklopen\u00ed-v\u00ed\u010dka.jpg 640w, https:\/\/www.tulak.cz\/wp-content\/uploads\/2019\/01\/Odklopen\u00ed-v\u00ed\u010dka-600x450.jpg 600w, https:\/\/www.tulak.cz\/wp-content\/uploads\/2019\/01\/Odklopen\u00ed-v\u00ed\u010dka-300x225.jpg 300w\" sizes=\"auto, (max-width: 640px) 100vw, 640px\" \/><\/figure><div class=\"wp-block-media-text__content\">\n<p style=\"background-color:#60f8bf;font-size:25px\" class=\"has-text-color has-background has-very-dark-gray-color\">Odklopen\u00ed v\u00ed\u010dka<\/p>\n\n\n\n<p class=\"has-medium-font-size\">V\u00ed\u010dko opatrn\u011b uchop\u00edme a lehce zvedneme. Ne\u0161kubeme, abychom se n\u00e1hodou neopa\u0159ili a je\u0161t\u011b ke v\u0161emu nezalili ohe\u0148. Pokud je\u0161t\u011b pot\u0159ebujeme va\u0159it d\u00e1l, vrac\u00edme v\u00ed\u010dko stejn\u00fdm zp\u016fsobem.<\/p>\n<\/div><\/div>\n","protected":false},"excerpt":{"rendered":"<p>Ohe\u0148 a e\u0161us P\u0159i va\u0159en\u00ed na ohni se v\u011bt\u0161inou sna\u017e\u00edme, aby co nejv\u011bt\u0161\u00ed plocha e\u0161usu byla zah\u0159\u00edv\u00e1na ohn\u011bm. Tady je e\u0161us polo\u017een na dv\u011b siln\u00e1 \u017ehnouc\u00ed polena na okraji ohni\u0161t\u011b. Tyto polena jsme tam dali hned po rozd\u011bl\u00e1n\u00ed ohn\u011b, aby se spr\u00e1vn\u011b rozho\u0159ela. V\u00ed\u010dko e\u0161usu a ohe\u0148 Aby se voda [&hellip;]<\/p>\n","protected":false},"author":1,"featured_media":517,"comment_status":"closed","ping_status":"closed","sticky":false,"template":"","format":"standard","meta":{"footnotes":""},"categories":[3],"tags":[],"class_list":["post-20","post","type-post","status-publish","format-standard","has-post-thumbnail","hentry","category-tabornicka-praxe"],"_links":{"self":[{"href":"https:\/\/www.tulak.cz\/index.php\/wp-json\/wp\/v2\/posts\/20","targetHints":{"allow":["GET"]}}],"collection":[{"href":"https:\/\/www.tulak.cz\/index.php\/wp-json\/wp\/v2\/posts"}],"about":[{"href":"https:\/\/www.tulak.cz\/index.php\/wp-json\/wp\/v2\/types\/post"}],"author":[{"embeddable":true,"href":"https:\/\/www.tulak.cz\/index.php\/wp-json\/wp\/v2\/users\/1"}],"replies":[{"embeddable":true,"href":"https:\/\/www.tulak.cz\/index.php\/wp-json\/wp\/v2\/comments?post=20"}],"version-history":[{"count":12,"href":"https:\/\/www.tulak.cz\/index.php\/wp-json\/wp\/v2\/posts\/20\/revisions"}],"predecessor-version":[{"id":521,"href":"https:\/\/www.tulak.cz\/index.php\/wp-json\/wp\/v2\/posts\/20\/revisions\/521"}],"wp:featuredmedia":[{"embeddable":true,"href":"https:\/\/www.tulak.cz\/index.php\/wp-json\/wp\/v2\/media\/517"}],"wp:attachment":[{"href":"https:\/\/www.tulak.cz\/index.php\/wp-json\/wp\/v2\/media?parent=20"}],"wp:term":[{"taxonomy":"category","embeddable":true,"href":"https:\/\/www.tulak.cz\/index.php\/wp-json\/wp\/v2\/categories?post=20"},{"taxonomy":"post_tag","embeddable":true,"href":"https:\/\/www.tulak.cz\/index.php\/wp-json\/wp\/v2\/tags?post=20"}],"curies":[{"name":"wp","href":"https:\/\/api.w.org\/{rel}","templated":true}]}}