{"id":1617,"date":"2022-04-09T18:45:33","date_gmt":"2022-04-09T18:45:33","guid":{"rendered":"https:\/\/www.tulak.cz\/?p=1617"},"modified":"2023-03-11T22:48:36","modified_gmt":"2023-03-11T22:48:36","slug":"vodacke","status":"publish","type":"post","link":"https:\/\/www.tulak.cz\/index.php\/2022\/04\/09\/vodacke\/","title":{"rendered":"Vod\u00e1ck\u00e9"},"content":{"rendered":"\n<p>Jirka byl vod\u00e1kem od ml\u00e1d\u00ed, jako d\u00edt\u011b jezdil na Berounce na pramici, pozd\u011bji  jako vedouc\u00ed vod\u00e1ck\u00e9ho odd\u00edlu na k\u00e1noi, kajaku a nejrad\u011bji na singlovce. Um\u00ed eskym\u00e1ck\u00fd obrat a skv\u011ble jezdil i na divok\u00e9 vod\u011b. Voda ho p\u0159itahovala pro svou romantiku, ne pro z\u00e1vod\u011bn\u00ed. Zhudebnil b\u00e1sni\u010dky z knihy Vod\u00e1ck\u00e1 Of\u00e9lie aneb pro\u010d bychom se netopili pro pot\u0159eby odd\u00edlu a zn\u00e1m\u00fdch vod\u00e1k\u016f. Snad se l\u00edb\u00ed.<\/p>\n\n\n\n<hr class=\"wp-block-separator has-text-color has-accent-color has-css-opacity has-accent-background-color has-background is-style-wide\"\/>\n\n\n\n<h2 class=\"has-accent-color has-text-color has-medium-font-size wp-block-heading\" id=\"padlo\" style=\"font-style:normal;font-weight:500\"><strong>P\u00c1DLO<\/strong><\/h2>\n\n\n\n<figure class=\"wp-block-audio\"><audio controls src=\"https:\/\/www.tulak.cz\/wp-content\/uploads\/2022\/04\/padlo3.mp3\"><\/audio><\/figure>\n\n\n\n<div class=\"wp-block-file\"><a id=\"wp-block-file--media-cf0d7d9e-5231-4ddf-a4aa-7cb0fd8cc812\" href=\"https:\/\/www.tulak.cz\/wp-content\/uploads\/2023\/03\/1V-Padlo.pdf\">P\u00e1dlo &#8211; text v PDF ke sta\u017een\u00ed<\/a><a href=\"https:\/\/www.tulak.cz\/wp-content\/uploads\/2023\/03\/1V-Padlo.pdf\" class=\"wp-block-file__button wp-element-button\" download aria-describedby=\"wp-block-file--media-cf0d7d9e-5231-4ddf-a4aa-7cb0fd8cc812\">St\u00e1hnout<\/a><\/div>\n\n\n\n<div class=\"wp-block-file\"><a id=\"wp-block-file--media-db9275a0-041e-4050-97cb-348f2b386cc9\" href=\"https:\/\/www.tulak.cz\/wp-content\/uploads\/2022\/04\/padlo3.mp3\">P\u00e1dlo &#8211; MP3 ke sta\u017een\u00ed <\/a><a href=\"https:\/\/www.tulak.cz\/wp-content\/uploads\/2022\/04\/padlo3.mp3\" class=\"wp-block-file__button wp-element-button\" download aria-describedby=\"wp-block-file--media-db9275a0-041e-4050-97cb-348f2b386cc9\">St\u00e1hnout<\/a><\/div>\n\n\n\n<hr class=\"wp-block-separator has-text-color has-accent-color has-css-opacity has-accent-background-color has-background is-style-wide\"\/>\n\n\n\n<hr class=\"wp-block-separator has-css-opacity is-style-wide\"\/>\n\n\n\n<p class=\"has-accent-color has-text-color has-medium-font-size\"><strong>VOBLUDA<\/strong><\/p>\n\n\n\n<figure class=\"wp-block-audio\"><audio controls src=\"https:\/\/www.tulak.cz\/wp-content\/uploads\/2022\/04\/vobluda.mp3\"><\/audio><\/figure>\n\n\n\n<div class=\"wp-block-file\"><a id=\"wp-block-file--media-29a83c17-1f2b-4a78-93e5-3a6ea0f14e16\" href=\"https:\/\/www.tulak.cz\/wp-content\/uploads\/2023\/03\/2V-Vobluda.pdf\">Vobluda &#8211; text v PDF ke sta\u017een\u00ed<\/a><a href=\"https:\/\/www.tulak.cz\/wp-content\/uploads\/2023\/03\/2V-Vobluda.pdf\" class=\"wp-block-file__button wp-element-button\" download aria-describedby=\"wp-block-file--media-29a83c17-1f2b-4a78-93e5-3a6ea0f14e16\">St\u00e1hnout<\/a><\/div>\n\n\n\n<div class=\"wp-block-file\"><a id=\"wp-block-file--media-7a51518f-a6c5-4882-9eb4-d6128009d258\" href=\"https:\/\/www.tulak.cz\/wp-content\/uploads\/2022\/04\/vobluda.mp3\">Vobluda &#8211; MP3 ke sta\u017een\u00ed<\/a><a href=\"https:\/\/www.tulak.cz\/wp-content\/uploads\/2022\/04\/vobluda.mp3\" class=\"wp-block-file__button wp-element-button\" download aria-describedby=\"wp-block-file--media-7a51518f-a6c5-4882-9eb4-d6128009d258\">St\u00e1hnout<\/a><\/div>\n\n\n\n<hr class=\"wp-block-separator has-text-color has-accent-color has-css-opacity has-accent-background-color has-background is-style-wide\"\/>\n\n\n\n<p class=\"has-accent-color has-text-color has-medium-font-size\"><strong>A\u017d MI BUDE DVACET LET<\/strong><\/p>\n\n\n\n<figure class=\"wp-block-audio\"><audio controls src=\"https:\/\/www.tulak.cz\/wp-content\/uploads\/2022\/04\/20let.mp3\"><\/audio><\/figure>\n\n\n\n<div class=\"wp-block-file\"><a id=\"wp-block-file--media-52a69633-5eba-4791-837f-ff754ed0e1d0\" href=\"https:\/\/www.tulak.cz\/wp-content\/uploads\/2023\/03\/3V-Az-mi-bude-20-let.pdf\">A\u017e mi bude 20 let &#8211; text v PDF ke sta\u017een\u00ed<\/a><a href=\"https:\/\/www.tulak.cz\/wp-content\/uploads\/2023\/03\/3V-Az-mi-bude-20-let.pdf\" class=\"wp-block-file__button wp-element-button\" download aria-describedby=\"wp-block-file--media-52a69633-5eba-4791-837f-ff754ed0e1d0\">St\u00e1hnout<\/a><\/div>\n\n\n\n<div class=\"wp-block-file\"><a id=\"wp-block-file--media-e2c16f4c-ee7c-4790-a354-17f9c834d737\" href=\"https:\/\/www.tulak.cz\/wp-content\/uploads\/2022\/04\/20let.mp3\">A\u017e mi bude 20 let &#8211; MP3 ke sta\u017een\u00ed<\/a><a href=\"https:\/\/www.tulak.cz\/wp-content\/uploads\/2022\/04\/20let.mp3\" class=\"wp-block-file__button wp-element-button\" download aria-describedby=\"wp-block-file--media-e2c16f4c-ee7c-4790-a354-17f9c834d737\">St\u00e1hnout<\/a><\/div>\n\n\n\n<hr class=\"wp-block-separator has-alpha-channel-opacity is-style-wide\"\/>\n\n\n\n<p class=\"has-accent-color has-text-color has-medium-font-size\"><strong>VOD\u00c1CK\u00c1 ODBORN\u00c1<\/strong><\/p>\n\n\n\n<figure class=\"wp-block-audio\"><audio controls src=\"https:\/\/www.tulak.cz\/wp-content\/uploads\/2022\/04\/vodacka-odborna.mp3\"><\/audio><\/figure>\n\n\n\n<div class=\"wp-block-file\"><a id=\"wp-block-file--media-a4eefc13-29fb-48aa-bb0d-abd7842a9d6f\" href=\"https:\/\/www.tulak.cz\/wp-content\/uploads\/2023\/03\/6V-Vodacka-odborna.pdf\">Vod\u00e1ck\u00e1 odborn\u00e1 &#8211; text v PDF ke sta\u017een\u00ed<\/a><a href=\"https:\/\/www.tulak.cz\/wp-content\/uploads\/2023\/03\/6V-Vodacka-odborna.pdf\" class=\"wp-block-file__button wp-element-button\" download aria-describedby=\"wp-block-file--media-a4eefc13-29fb-48aa-bb0d-abd7842a9d6f\">St\u00e1hnout<\/a><\/div>\n\n\n\n<div class=\"wp-block-file\"><a id=\"wp-block-file--media-ce036645-cd6e-4d23-93b5-fd69e2911c04\" href=\"https:\/\/www.tulak.cz\/wp-content\/uploads\/2022\/04\/vodacka-odborna.mp3\">Vod\u00e1ck\u00e1 odborn\u00e1 &#8211; MP3 ke sta\u017een\u00ed<\/a><a href=\"https:\/\/www.tulak.cz\/wp-content\/uploads\/2022\/04\/vodacka-odborna.mp3\" class=\"wp-block-file__button wp-element-button\" download aria-describedby=\"wp-block-file--media-ce036645-cd6e-4d23-93b5-fd69e2911c04\">St\u00e1hnout<\/a><\/div>\n\n\n\n<hr class=\"wp-block-separator has-alpha-channel-opacity is-style-wide\"\/>\n\n\n\n<p class=\"has-accent-color has-text-color has-medium-font-size\"><strong>P\u00cdSE\u0147 PRO \u0160EDIVOU HLAVU<\/strong><\/p>\n\n\n\n<figure class=\"wp-block-audio\"><audio controls src=\"https:\/\/www.tulak.cz\/wp-content\/uploads\/2023\/03\/sediva-hlava.mp3\"><\/audio><\/figure>\n\n\n\n<div class=\"wp-block-file\"><a id=\"wp-block-file--media-d4471dc6-1884-4a11-8e95-b72d85f724b9\" href=\"https:\/\/www.tulak.cz\/wp-content\/uploads\/2023\/03\/7V-Sediva-hlava.pdf\">P\u00edsen pro \u0161edivou hlavu &#8211; text v PDF ke sta\u017een\u00ed<\/a><a href=\"https:\/\/www.tulak.cz\/wp-content\/uploads\/2023\/03\/7V-Sediva-hlava.pdf\" class=\"wp-block-file__button wp-element-button\" download aria-describedby=\"wp-block-file--media-d4471dc6-1884-4a11-8e95-b72d85f724b9\">St\u00e1hnout<\/a><\/div>\n\n\n\n<div class=\"wp-block-file\"><a id=\"wp-block-file--media-9a5581e5-7399-4a4c-b214-aa126d447d53\" href=\"https:\/\/www.tulak.cz\/wp-content\/uploads\/2023\/03\/sediva-hlava.mp3\">P\u00edsen pro \u0161edivou hlavu &#8211; MP3 ke sta\u017een\u00ed<\/a><a href=\"https:\/\/www.tulak.cz\/wp-content\/uploads\/2023\/03\/sediva-hlava.mp3\" class=\"wp-block-file__button wp-element-button\" download aria-describedby=\"wp-block-file--media-9a5581e5-7399-4a4c-b214-aa126d447d53\">St\u00e1hnout<\/a><\/div>\n\n\n\n<hr class=\"wp-block-separator has-text-color has-accent-color has-css-opacity has-accent-background-color has-background is-style-wide\"\/>\n","protected":false},"excerpt":{"rendered":"<p>Jirka byl vod\u00e1kem od ml\u00e1d\u00ed, jako d\u00edt\u011b jezdil na Berounce na pramici, pozd\u011bji jako vedouc\u00ed vod\u00e1ck\u00e9ho odd\u00edlu na k\u00e1noi, kajaku a nejrad\u011bji na singlovce. Um\u00ed eskym\u00e1ck\u00fd obrat a skv\u011ble jezdil i na divok\u00e9 vod\u011b. Voda ho p\u0159itahovala pro svou romantiku, ne pro z\u00e1vod\u011bn\u00ed. Zhudebnil b\u00e1sni\u010dky z knihy Vod\u00e1ck\u00e1 Of\u00e9lie aneb [&hellip;]<\/p>\n","protected":false},"author":1,"featured_media":1619,"comment_status":"closed","ping_status":"closed","sticky":false,"template":"","format":"standard","meta":{"footnotes":""},"categories":[5],"tags":[],"class_list":["post-1617","post","type-post","status-publish","format-standard","has-post-thumbnail","hentry","category-jirky_pisnicky"],"_links":{"self":[{"href":"https:\/\/www.tulak.cz\/index.php\/wp-json\/wp\/v2\/posts\/1617","targetHints":{"allow":["GET"]}}],"collection":[{"href":"https:\/\/www.tulak.cz\/index.php\/wp-json\/wp\/v2\/posts"}],"about":[{"href":"https:\/\/www.tulak.cz\/index.php\/wp-json\/wp\/v2\/types\/post"}],"author":[{"embeddable":true,"href":"https:\/\/www.tulak.cz\/index.php\/wp-json\/wp\/v2\/users\/1"}],"replies":[{"embeddable":true,"href":"https:\/\/www.tulak.cz\/index.php\/wp-json\/wp\/v2\/comments?post=1617"}],"version-history":[{"count":14,"href":"https:\/\/www.tulak.cz\/index.php\/wp-json\/wp\/v2\/posts\/1617\/revisions"}],"predecessor-version":[{"id":1679,"href":"https:\/\/www.tulak.cz\/index.php\/wp-json\/wp\/v2\/posts\/1617\/revisions\/1679"}],"wp:featuredmedia":[{"embeddable":true,"href":"https:\/\/www.tulak.cz\/index.php\/wp-json\/wp\/v2\/media\/1619"}],"wp:attachment":[{"href":"https:\/\/www.tulak.cz\/index.php\/wp-json\/wp\/v2\/media?parent=1617"}],"wp:term":[{"taxonomy":"category","embeddable":true,"href":"https:\/\/www.tulak.cz\/index.php\/wp-json\/wp\/v2\/categories?post=1617"},{"taxonomy":"post_tag","embeddable":true,"href":"https:\/\/www.tulak.cz\/index.php\/wp-json\/wp\/v2\/tags?post=1617"}],"curies":[{"name":"wp","href":"https:\/\/api.w.org\/{rel}","templated":true}]}}