{"id":1380,"date":"2021-04-05T20:21:32","date_gmt":"2021-04-05T20:21:32","guid":{"rendered":"https:\/\/www.tulak.cz\/?p=1380"},"modified":"2021-04-08T20:23:08","modified_gmt":"2021-04-08T20:23:08","slug":"folk","status":"publish","type":"post","link":"https:\/\/www.tulak.cz\/index.php\/2021\/04\/05\/folk\/","title":{"rendered":"Folk"},"content":{"rendered":"\n<p>Jednotliv\u00e9 styly p\u00edsn\u00ed se u Jirky prol\u00ednaj\u00ed. A tak nechyb\u00ed ani folk, co\u017e je pouze pocitov\u00e9 rozd\u011blen\u00ed p\u00edsn\u00ed.  Nechyb\u00ed zde p\u00edsn\u011b o l\u00e1sce a vztaz\u00edch ani o b\u011b\u017en\u00fdch radostech i starostech \u017eivota.<\/p>\n\n\n\n<hr class=\"wp-block-separator has-text-color has-background is-style-wide\" style=\"background-color:#028011;color:#028011\"\/>\n\n\n\n<p class=\"has-text-color has-medium-font-size\" style=\"color:#028011\">JE\u0160T\u011a JEDNOU CHCI T\u011a UVID\u011aT<\/p>\n\n\n\n<figure class=\"wp-block-audio\"><audio controls src=\"https:\/\/www.tulak.cz\/wp-content\/uploads\/2021\/04\/3F-Jeste-jednou.mp3\"><\/audio><\/figure>\n\n\n\n<div class=\"wp-block-file\"><a href=\"https:\/\/www.tulak.cz\/wp-content\/uploads\/2021\/04\/3F-Jeste_jednou_chci_te_uvidet.pdf\">Je\u0161t\u011b jednou chci t\u011b uvid\u011bt &#8211; text p\u00edsn\u011b v PDF ke sta\u017een\u00ed<\/a><a href=\"https:\/\/www.tulak.cz\/wp-content\/uploads\/2021\/04\/3F-Jeste_jednou_chci_te_uvidet.pdf\" class=\"wp-block-file__button\" download>St\u00e1hnout<\/a><\/div>\n\n\n\n<div class=\"wp-block-file\"><a href=\"https:\/\/www.tulak.cz\/wp-content\/uploads\/2021\/04\/3F-Jeste-jednou.mp3\">Je\u0161t\u011b jednou chci t\u011b uvid\u011bt &#8211; MP3 ke sta\u017een\u00ed<\/a><a href=\"https:\/\/www.tulak.cz\/wp-content\/uploads\/2021\/04\/3F-Jeste-jednou.mp3\" class=\"wp-block-file__button\" download>St\u00e1hnout<\/a><\/div>\n\n\n\n<hr class=\"wp-block-separator has-text-color has-background is-style-wide\" style=\"background-color:#028011;color:#028011\"\/>\n\n\n\n<p class=\"has-text-color has-medium-font-size\" style=\"color:#028011\">CO NA MN\u011a ASI M\u00c1<\/p>\n\n\n\n<figure class=\"wp-block-audio\"><audio controls src=\"https:\/\/www.tulak.cz\/wp-content\/uploads\/2021\/04\/9F-Co-asi.mp3\"><\/audio><\/figure>\n\n\n\n<div class=\"wp-block-file\"><a href=\"https:\/\/www.tulak.cz\/wp-content\/uploads\/2021\/04\/9F-co_asi.pdf\">Co na mn\u011b asi m\u00e1 &#8211; text p\u00edsn\u011b v PDF ke sta\u017een\u00ed<\/a><a href=\"https:\/\/www.tulak.cz\/wp-content\/uploads\/2021\/04\/9F-co_asi.pdf\" class=\"wp-block-file__button\" download>St\u00e1hnout<\/a><\/div>\n\n\n\n<div class=\"wp-block-file\"><a href=\"https:\/\/www.tulak.cz\/wp-content\/uploads\/2021\/04\/9F-Co-asi.mp3\">Co na mn\u011b asi m\u00e1 &#8211; MP3 ke sta\u017een\u00ed<\/a><a href=\"https:\/\/www.tulak.cz\/wp-content\/uploads\/2021\/04\/9F-Co-asi.mp3\" class=\"wp-block-file__button\" download>St\u00e1hnout<\/a><\/div>\n\n\n\n<hr class=\"wp-block-separator has-text-color has-background is-style-wide\" style=\"background-color:#028011;color:#028011\"\/>\n\n\n\n<p class=\"has-text-color has-medium-font-size\" style=\"color:#028011\">PARK<\/p>\n\n\n\n<figure class=\"wp-block-audio\"><audio controls src=\"https:\/\/www.tulak.cz\/wp-content\/uploads\/2021\/04\/10F-Park.mp3\"><\/audio><\/figure>\n\n\n\n<div class=\"wp-block-file\"><a href=\"https:\/\/www.tulak.cz\/wp-content\/uploads\/2021\/04\/10F-park.pdf\">Park &#8211; text p\u00edsn\u011b v PDF ke sta\u017een\u00ed<\/a><a href=\"https:\/\/www.tulak.cz\/wp-content\/uploads\/2021\/04\/10F-park.pdf\" class=\"wp-block-file__button\" download>St\u00e1hnout<\/a><\/div>\n\n\n\n<div class=\"wp-block-file\"><a href=\"https:\/\/www.tulak.cz\/wp-content\/uploads\/2021\/04\/10F-Park.mp3\">Park &#8211; MP3 ke sta\u017een\u00ed<\/a><a href=\"https:\/\/www.tulak.cz\/wp-content\/uploads\/2021\/04\/10F-Park.mp3\" class=\"wp-block-file__button\" download>St\u00e1hnout<\/a><\/div>\n\n\n\n<hr class=\"wp-block-separator has-text-color has-background is-style-wide\" style=\"background-color:#028011;color:#028011\"\/>\n\n\n\n<p class=\"has-text-color has-medium-font-size\" style=\"color:#028011\">M\u00c1 MIL\u00c1 NEPLAKEJ<\/p>\n\n\n\n<figure class=\"wp-block-audio\"><audio controls src=\"https:\/\/www.tulak.cz\/wp-content\/uploads\/2021\/04\/15F-Ma-mila-neplakej.mp3\"><\/audio><\/figure>\n\n\n\n<div class=\"wp-block-file\"><a href=\"https:\/\/www.tulak.cz\/wp-content\/uploads\/2021\/04\/15F-ma_mila_neplakej.pdf\">M\u00e1 mil\u00e1 neplakej &#8211; text p\u00edsn\u011b v PDF ke sta\u017een\u00ed<\/a><a href=\"https:\/\/www.tulak.cz\/wp-content\/uploads\/2021\/04\/15F-ma_mila_neplakej.pdf\" class=\"wp-block-file__button\" download>St\u00e1hnout<\/a><\/div>\n\n\n\n<div class=\"wp-block-file\"><a href=\"https:\/\/www.tulak.cz\/wp-content\/uploads\/2021\/04\/15F-Ma-mila-neplakej.mp3\">M\u00e1 mil\u00e1 neplakej &#8211; MP3 ke sta\u017een\u00ed<\/a><a href=\"https:\/\/www.tulak.cz\/wp-content\/uploads\/2021\/04\/15F-Ma-mila-neplakej.mp3\" class=\"wp-block-file__button\" download>St\u00e1hnout<\/a><\/div>\n\n\n\n<hr class=\"wp-block-separator has-text-color has-background is-style-wide\" style=\"background-color:#028011;color:#028011\"\/>\n\n\n\n<p class=\"has-text-color has-medium-font-size\" style=\"color:#028011\">KR\u00c1SN\u00c1 V\u00cdLO TAJNEJCH P\u0158\u00c1N\u00cd<\/p>\n\n\n\n<figure class=\"wp-block-audio\"><audio controls src=\"https:\/\/www.tulak.cz\/wp-content\/uploads\/2021\/04\/19F-krasna-vilo.mp3\"><\/audio><\/figure>\n\n\n\n<div class=\"wp-block-file\"><a href=\"https:\/\/www.tulak.cz\/wp-content\/uploads\/2021\/04\/19F-krasna_vilo_tajnejch_prani-1.pdf\">Kr\u00e1sn\u00e1 v\u00edlo tajnejch p\u0159\u00e1n\u00ed &#8211; text p\u00edsn\u011b v PDF ke sta\u017een\u00ed<\/a><a href=\"https:\/\/www.tulak.cz\/wp-content\/uploads\/2021\/04\/19F-krasna_vilo_tajnejch_prani-1.pdf\" class=\"wp-block-file__button\" download>St\u00e1hnout<\/a><\/div>\n\n\n\n<div class=\"wp-block-file\"><a href=\"https:\/\/www.tulak.cz\/wp-content\/uploads\/2021\/04\/19F-krasna-vilo.mp3\">Kr\u00e1sn\u00e1 v\u00edlo tajnejch p\u0159\u00e1n\u00ed &#8211; MP3 ke sta\u017een\u00ed<\/a><a href=\"https:\/\/www.tulak.cz\/wp-content\/uploads\/2021\/04\/19F-krasna-vilo.mp3\" class=\"wp-block-file__button\" download>St\u00e1hnout<\/a><\/div>\n\n\n\n<hr class=\"wp-block-separator has-text-color has-background is-style-wide\" style=\"background-color:#028011;color:#028011\"\/>\n\n\n\n<p class=\"has-text-color has-medium-font-size\" style=\"color:#028011\">FOTKA<\/p>\n\n\n\n<figure class=\"wp-block-audio\"><audio controls src=\"https:\/\/www.tulak.cz\/wp-content\/uploads\/2021\/04\/20F-Fotka.mp3\"><\/audio><\/figure>\n\n\n\n<div class=\"wp-block-file\"><a href=\"https:\/\/www.tulak.cz\/wp-content\/uploads\/2021\/04\/20F-fotka.pdf\">Fotka &#8211; text p\u00edsn\u011b v PDF ke sta\u017een\u00ed<\/a><a href=\"https:\/\/www.tulak.cz\/wp-content\/uploads\/2021\/04\/20F-fotka.pdf\" class=\"wp-block-file__button\" download>St\u00e1hnout<\/a><\/div>\n\n\n\n<div class=\"wp-block-file\"><a href=\"https:\/\/www.tulak.cz\/wp-content\/uploads\/2021\/04\/20F-Fotka.mp3\">Fotka &#8211; MP3 ke sta\u017een\u00ed<\/a><a href=\"https:\/\/www.tulak.cz\/wp-content\/uploads\/2021\/04\/20F-Fotka.mp3\" class=\"wp-block-file__button\" download>St\u00e1hnout<\/a><\/div>\n\n\n\n<hr class=\"wp-block-separator has-text-color has-background is-style-wide\" style=\"background-color:#028011;color:#028011\"\/>\n\n\n\n<p class=\"has-text-color has-medium-font-size\" style=\"color:#028011\">JEANSY<\/p>\n\n\n\n<figure class=\"wp-block-audio\"><audio controls src=\"https:\/\/www.tulak.cz\/wp-content\/uploads\/2021\/04\/24F-Jeansy.mp3\"><\/audio><\/figure>\n\n\n\n<div class=\"wp-block-file\"><a href=\"https:\/\/www.tulak.cz\/wp-content\/uploads\/2021\/04\/24F-jeansy.pdf\">Jeansy &#8211; text p\u00edsn\u011b v PDF ke sta\u017een\u00ed<\/a><a href=\"https:\/\/www.tulak.cz\/wp-content\/uploads\/2021\/04\/24F-jeansy.pdf\" class=\"wp-block-file__button\" download>St\u00e1hnout<\/a><\/div>\n\n\n\n<div class=\"wp-block-file\"><a href=\"https:\/\/www.tulak.cz\/wp-content\/uploads\/2021\/04\/24F-Jeansy.mp3\">Jeansy &#8211; MP3 ke sta\u017een\u00ed<\/a><a href=\"https:\/\/www.tulak.cz\/wp-content\/uploads\/2021\/04\/24F-Jeansy.mp3\" class=\"wp-block-file__button\" download>St\u00e1hnout<\/a><\/div>\n\n\n\n<hr class=\"wp-block-separator has-text-color has-background is-style-wide\" style=\"background-color:#028011;color:#028011\"\/>\n\n\n\n<p class=\"has-text-color has-medium-font-size\" style=\"color:#028011\">N\u00c1HODA<\/p>\n\n\n\n<figure class=\"wp-block-audio\"><audio controls src=\"https:\/\/www.tulak.cz\/wp-content\/uploads\/2021\/04\/28F-Nahoda.mp3\"><\/audio><\/figure>\n\n\n\n<div class=\"wp-block-file\"><a href=\"https:\/\/www.tulak.cz\/wp-content\/uploads\/2021\/04\/28F-Nahoda.pdf\">N\u00e1hoda &#8211; text p\u00edsn\u011b v PDF ke sta\u017een\u00ed<\/a><a href=\"https:\/\/www.tulak.cz\/wp-content\/uploads\/2021\/04\/28F-Nahoda.pdf\" class=\"wp-block-file__button\" download>St\u00e1hnout<\/a><\/div>\n\n\n\n<div class=\"wp-block-file\"><a href=\"https:\/\/www.tulak.cz\/wp-content\/uploads\/2021\/04\/28F-Nahoda.mp3\">N\u00e1hoda &#8211; MP3 ke sta\u017een\u00ed<\/a><a href=\"https:\/\/www.tulak.cz\/wp-content\/uploads\/2021\/04\/28F-Nahoda.mp3\" class=\"wp-block-file__button\" download>St\u00e1hnout<\/a><\/div>\n\n\n\n<hr class=\"wp-block-separator has-text-color has-background is-style-wide\" style=\"background-color:#028011;color:#028011\"\/>\n\n\n\n<p class=\"has-text-color has-medium-font-size\" style=\"color:#028011\">SN\u011a\u017d\u00cd<\/p>\n\n\n\n<figure class=\"wp-block-audio\"><audio controls src=\"https:\/\/www.tulak.cz\/wp-content\/uploads\/2021\/04\/29F-Snezi.mp3\"><\/audio><\/figure>\n\n\n\n<div class=\"wp-block-file\"><a href=\"https:\/\/www.tulak.cz\/wp-content\/uploads\/2021\/04\/29F-Snezi.pdf\">Sn\u011b\u017e\u00ed &#8211; text p\u00edsn\u011b v PDF ke sta\u017een\u00ed<\/a><a href=\"https:\/\/www.tulak.cz\/wp-content\/uploads\/2021\/04\/29F-Snezi.pdf\" class=\"wp-block-file__button\" download>St\u00e1hnout<\/a><\/div>\n\n\n\n<div class=\"wp-block-file\"><a href=\"https:\/\/www.tulak.cz\/wp-content\/uploads\/2021\/04\/29F-Snezi.mp3\">Sn\u011b\u017e\u00ed &#8211; MP3 ke sta\u017een\u00ed<\/a><a href=\"https:\/\/www.tulak.cz\/wp-content\/uploads\/2021\/04\/29F-Snezi.mp3\" class=\"wp-block-file__button\" download>St\u00e1hnout<\/a><\/div>\n\n\n\n<hr class=\"wp-block-separator has-text-color has-background is-style-wide\" style=\"background-color:#028011;color:#028011\"\/>\n\n\n\n<p class=\"has-text-color has-medium-font-size\" style=\"color:#028011\">R\u00c1DIO<\/p>\n\n\n\n<figure class=\"wp-block-audio\"><audio controls src=\"https:\/\/www.tulak.cz\/wp-content\/uploads\/2021\/04\/32F-Radio.mp3\"><\/audio><\/figure>\n\n\n\n<div class=\"wp-block-file\"><a href=\"https:\/\/www.tulak.cz\/wp-content\/uploads\/2021\/04\/32F-Radio.pdf\">R\u00e1dio &#8211; text p\u00edsn\u011b v PDF ke sta\u017een\u00ed<\/a><a href=\"https:\/\/www.tulak.cz\/wp-content\/uploads\/2021\/04\/32F-Radio.pdf\" class=\"wp-block-file__button\" download>St\u00e1hnout<\/a><\/div>\n\n\n\n<div class=\"wp-block-file\"><a href=\"https:\/\/www.tulak.cz\/wp-content\/uploads\/2021\/04\/32F-Radio.mp3\">R\u00e1dio &#8211; MP3 ke sta\u017een\u00ed<\/a><a href=\"https:\/\/www.tulak.cz\/wp-content\/uploads\/2021\/04\/32F-Radio.mp3\" class=\"wp-block-file__button\" download>St\u00e1hnout<\/a><\/div>\n\n\n\n<hr class=\"wp-block-separator has-text-color has-background is-style-wide\" style=\"background-color:#028011;color:#028011\"\/>\n\n\n\n<hr class=\"wp-block-separator has-text-color has-background is-style-wide\" style=\"background-color:#028011;color:#028011\"\/>\n\n\n\n<p style=\"font-size:14px\">\u00a9 Jirka Pt\u00e1\u010dek, tvorba z let 1970 &#8211; 2021. M\u016f\u017eete si st\u00e1hnout texty i MP3 pro svou vlastn\u00ed pot\u0159ebu.  P\u00edsni\u010dky nelze pou\u017e\u00edt pro komer\u010dn\u00ed u\u017eit\u00ed.<\/p>\n","protected":false},"excerpt":{"rendered":"<p>Jednotliv\u00e9 styly p\u00edsn\u00ed se u Jirky prol\u00ednaj\u00ed. A tak nechyb\u00ed ani folk, co\u017e je pouze pocitov\u00e9 rozd\u011blen\u00ed p\u00edsn\u00ed.  Nechyb\u00ed zde ani p\u00edsn\u011b o l\u00e1sce a vztaz\u00edch ani o b\u011b\u017en\u00fdch radostech i starostech \u017eivota.<\/p>\n","protected":false},"author":1,"featured_media":1388,"comment_status":"closed","ping_status":"closed","sticky":false,"template":"","format":"standard","meta":{"footnotes":""},"categories":[5],"tags":[],"class_list":["post-1380","post","type-post","status-publish","format-standard","has-post-thumbnail","hentry","category-jirky_pisnicky"],"_links":{"self":[{"href":"https:\/\/www.tulak.cz\/index.php\/wp-json\/wp\/v2\/posts\/1380","targetHints":{"allow":["GET"]}}],"collection":[{"href":"https:\/\/www.tulak.cz\/index.php\/wp-json\/wp\/v2\/posts"}],"about":[{"href":"https:\/\/www.tulak.cz\/index.php\/wp-json\/wp\/v2\/types\/post"}],"author":[{"embeddable":true,"href":"https:\/\/www.tulak.cz\/index.php\/wp-json\/wp\/v2\/users\/1"}],"replies":[{"embeddable":true,"href":"https:\/\/www.tulak.cz\/index.php\/wp-json\/wp\/v2\/comments?post=1380"}],"version-history":[{"count":16,"href":"https:\/\/www.tulak.cz\/index.php\/wp-json\/wp\/v2\/posts\/1380\/revisions"}],"predecessor-version":[{"id":1509,"href":"https:\/\/www.tulak.cz\/index.php\/wp-json\/wp\/v2\/posts\/1380\/revisions\/1509"}],"wp:featuredmedia":[{"embeddable":true,"href":"https:\/\/www.tulak.cz\/index.php\/wp-json\/wp\/v2\/media\/1388"}],"wp:attachment":[{"href":"https:\/\/www.tulak.cz\/index.php\/wp-json\/wp\/v2\/media?parent=1380"}],"wp:term":[{"taxonomy":"category","embeddable":true,"href":"https:\/\/www.tulak.cz\/index.php\/wp-json\/wp\/v2\/categories?post=1380"},{"taxonomy":"post_tag","embeddable":true,"href":"https:\/\/www.tulak.cz\/index.php\/wp-json\/wp\/v2\/tags?post=1380"}],"curies":[{"name":"wp","href":"https:\/\/api.w.org\/{rel}","templated":true}]}}