{"id":1154,"date":"2019-02-20T23:13:28","date_gmt":"2019-02-20T23:13:28","guid":{"rendered":"http:\/\/www.tulak.cz\/?p=1154"},"modified":"2021-03-16T10:31:35","modified_gmt":"2021-03-16T10:31:35","slug":"baleni-us-torny","status":"publish","type":"post","link":"https:\/\/www.tulak.cz\/index.php\/2019\/02\/20\/baleni-us-torny\/","title":{"rendered":"Balen\u00ed US torny"},"content":{"rendered":"\n<div class=\"wp-block-media-text alignwide is-stacked-on-mobile\" style=\"grid-template-columns:36% auto\"><figure class=\"wp-block-media-text__media\"><img loading=\"lazy\" decoding=\"async\" width=\"360\" height=\"480\" src=\"http:\/\/www.tulak.cz\/wp-content\/uploads\/2019\/02\/Jak-za\u010d\u00edt.jpg\" alt=\"\" class=\"wp-image-1155 size-full\" srcset=\"https:\/\/www.tulak.cz\/wp-content\/uploads\/2019\/02\/Jak-za\u010d\u00edt.jpg 360w, https:\/\/www.tulak.cz\/wp-content\/uploads\/2019\/02\/Jak-za\u010d\u00edt-225x300.jpg 225w\" sizes=\"auto, (max-width: 360px) 100vw, 360px\" \/><\/figure><div class=\"wp-block-media-text__content\">\n<p class=\"has-black-color has-text-color has-background has-medium-font-size\" style=\"background-color:#60f8bf\">Jak za\u010d\u00edt<\/p>\n\n\n\n<p>Polo\u017ete na zem celtu, na n\u00ed dejte spac\u00e1k, kter\u00fd upravte na \u0161\u00ed\u0159ku, kter\u00e1 ur\u010duje po sbalen\u00ed v\u00fd\u0161ku torny. Na spac\u00e1k, hned na za\u010d\u00e1tek narovnejte v\u011bci, kter\u00e9 pot\u0159ebujete s sebou, nap\u0159. pono\u017eky na span\u00ed, kulicha, svetr. Berte jen to nejnutn\u011bj\u0161\u00ed!<\/p>\n<\/div><\/div>\n\n\n\n<hr class=\"wp-block-separator\"\/>\n\n\n\n<div class=\"wp-block-media-text alignwide is-stacked-on-mobile\" style=\"grid-template-columns:36% auto\"><figure class=\"wp-block-media-text__media\"><img loading=\"lazy\" decoding=\"async\" width=\"360\" height=\"480\" src=\"http:\/\/www.tulak.cz\/wp-content\/uploads\/2019\/02\/Celta.jpg\" alt=\"\" class=\"wp-image-1156 size-full\" srcset=\"https:\/\/www.tulak.cz\/wp-content\/uploads\/2019\/02\/Celta.jpg 360w, https:\/\/www.tulak.cz\/wp-content\/uploads\/2019\/02\/Celta-225x300.jpg 225w\" sizes=\"auto, (max-width: 360px) 100vw, 360px\" \/><\/figure><div class=\"wp-block-media-text__content\">\n<p class=\"has-black-color has-text-color has-background has-medium-font-size\" style=\"background-color:#60f8b8\">Celta<\/p>\n\n\n\n<p>Toto je koso\u010dtverec, ale \u00fapln\u011b stejn\u011b zabal\u00edte do \u010dtverce, nebo \u0161esti\u00faheln\u00edku. P\u0159ehnut\u00edm celty kolem spac\u00e1ku v\u00e1m pom\u016f\u017ee p\u0159i st\u00e1\u010den\u00ed, nebo\u0165 celta neklou\u017ee a i p\u00e9\u0159\u00e1k sbal\u00edte snadno. Dbejte na to, aby celta na konci byla dob\u0159e upraven\u00e1, rovn\u00e1, aby v\u00e1s p\u0159\u00edpadn\u00e9 faldy netla\u010dily.<\/p>\n<\/div><\/div>\n\n\n\n<hr class=\"wp-block-separator\"\/>\n\n\n\n<div class=\"wp-block-media-text alignwide is-stacked-on-mobile\" style=\"grid-template-columns:36% auto\"><figure class=\"wp-block-media-text__media\"><img loading=\"lazy\" decoding=\"async\" width=\"640\" height=\"480\" src=\"http:\/\/www.tulak.cz\/wp-content\/uploads\/2019\/02\/Nejl\u00e9pe-ve-dvou.jpg\" alt=\"\" class=\"wp-image-1157 size-full\" srcset=\"https:\/\/www.tulak.cz\/wp-content\/uploads\/2019\/02\/Nejl\u00e9pe-ve-dvou.jpg 640w, https:\/\/www.tulak.cz\/wp-content\/uploads\/2019\/02\/Nejl\u00e9pe-ve-dvou-300x225.jpg 300w, https:\/\/www.tulak.cz\/wp-content\/uploads\/2019\/02\/Nejl\u00e9pe-ve-dvou-600x450.jpg 600w\" sizes=\"auto, (max-width: 640px) 100vw, 640px\" \/><\/figure><div class=\"wp-block-media-text__content\">\n<p class=\"has-black-color has-text-color has-background has-medium-font-size\" style=\"background-color:#60f8b8\">Nejl\u00e9pe ve dvou<\/p>\n\n\n\n<p>Zdatn\u00ed a zku\u0161en\u00ed jedinci to zvl\u00e1dnou sami, ale je lep\u0161\u00ed \u0159\u00edct kamar\u00e1dovi. Po\u0159\u00e1dn\u011b ma\u010dkat a rolovat\u2026<\/p>\n<\/div><\/div>\n\n\n\n<hr class=\"wp-block-separator\"\/>\n\n\n\n<div class=\"wp-block-media-text alignwide is-stacked-on-mobile\" style=\"grid-template-columns:36% auto\"><figure class=\"wp-block-media-text__media\"><img loading=\"lazy\" decoding=\"async\" width=\"640\" height=\"480\" src=\"http:\/\/www.tulak.cz\/wp-content\/uploads\/2019\/02\/Balen\u00ed.jpg\" alt=\"\" class=\"wp-image-1158 size-full\" srcset=\"https:\/\/www.tulak.cz\/wp-content\/uploads\/2019\/02\/Balen\u00ed.jpg 640w, https:\/\/www.tulak.cz\/wp-content\/uploads\/2019\/02\/Balen\u00ed-300x225.jpg 300w, https:\/\/www.tulak.cz\/wp-content\/uploads\/2019\/02\/Balen\u00ed-600x450.jpg 600w\" sizes=\"auto, (max-width: 640px) 100vw, 640px\" \/><\/figure><div class=\"wp-block-media-text__content\">\n<p class=\"has-black-color has-text-color has-background has-medium-font-size\" style=\"background-color:#60f8b8\">Balen\u00ed<\/p>\n\n\n\n<p>Nejv\u011bt\u0161\u00ed s\u00edlu m\u00e1te na za\u010d\u00e1tku, proto tam d\u00e1v\u00e1me v\u011bt\u0161inu v\u011bc\u00ed. Te\u010f u\u017e jen po\u0159\u00e1dn\u011b rolovat\u2026<\/p>\n<\/div><\/div>\n\n\n\n<hr class=\"wp-block-separator\"\/>\n\n\n\n<div class=\"wp-block-media-text alignwide is-stacked-on-mobile\" style=\"grid-template-columns:36% auto\"><figure class=\"wp-block-media-text__media\"><img loading=\"lazy\" decoding=\"async\" width=\"360\" height=\"480\" src=\"http:\/\/www.tulak.cz\/wp-content\/uploads\/2019\/02\/Z\u00e1klad.jpg\" alt=\"\" class=\"wp-image-1159 size-full\" srcset=\"https:\/\/www.tulak.cz\/wp-content\/uploads\/2019\/02\/Z\u00e1klad.jpg 360w, https:\/\/www.tulak.cz\/wp-content\/uploads\/2019\/02\/Z\u00e1klad-225x300.jpg 225w\" sizes=\"auto, (max-width: 360px) 100vw, 360px\" \/><\/figure><div class=\"wp-block-media-text__content\">\n<p class=\"has-black-color has-text-color has-background has-medium-font-size\" style=\"background-color:#60f8b8\">Z\u00e1klad<\/p>\n\n\n\n<p>A to je nejd\u016fle\u017eit\u011bj\u0161\u00ed \u010d\u00e1st. Pokud jste v\u0161e d\u011blali spr\u00e1vn\u011b, dr\u017e\u00ed tento v\u00e1lec s\u00e1m a dob\u0159e se s n\u00edm pracuje. Pokud se v\u00e1m rozpad\u00e1, nechali jste mal\u00fd d\u00edl celty na konci. Pokud je na jedn\u00e9 stran\u011b v\u00fdrazn\u011b siln\u011bj\u0161\u00ed tak jste \u0161patn\u011b rozlo\u017eili v\u011bci nebo spac\u00e1k. V tom p\u0159\u00edpad\u011b si postup zopakujte a v\u011bci p\u0159erovnejte.<\/p>\n<\/div><\/div>\n\n\n\n<hr class=\"wp-block-separator\"\/>\n\n\n\n<div class=\"wp-block-media-text alignwide is-stacked-on-mobile\" style=\"grid-template-columns:36% auto\"><figure class=\"wp-block-media-text__media\"><img loading=\"lazy\" decoding=\"async\" width=\"360\" height=\"480\" src=\"http:\/\/www.tulak.cz\/wp-content\/uploads\/2019\/02\/US-torna.jpg\" alt=\"\" class=\"wp-image-1160 size-full\" srcset=\"https:\/\/www.tulak.cz\/wp-content\/uploads\/2019\/02\/US-torna.jpg 360w, https:\/\/www.tulak.cz\/wp-content\/uploads\/2019\/02\/US-torna-225x300.jpg 225w\" sizes=\"auto, (max-width: 360px) 100vw, 360px\" \/><\/figure><div class=\"wp-block-media-text__content\">\n<p class=\"has-black-color has-text-color has-background has-medium-font-size\" style=\"background-color:#60f8b8\">US torna<\/p>\n\n\n\n<p>B\u00fdvala sou\u010d\u00e1st\u00ed vybaven\u00ed americk\u00e9 arm\u00e1dy v 1. a 2. sv\u011btov\u00e9 v\u00e1lce. Jej\u00ed v\u00fdhodou je, \u017ee jde vlastn\u011b pouze a l\u00e1tku s \u0159em\u00ednky, do kter\u00e9 bal\u00edte to co pot\u0159ebujete. Tato US torna nen\u00ed origin\u00e1l, je to v\u00fdrobek VHV Opusu z roku 1968. Patronta\u0161ek k n\u00ed p\u0159ipnut\u00fdch si nev\u0161\u00edmejte, to je n\u00e1\u0161 zlep\u0161ov\u00e1k, pro lep\u0161\u00ed rozlo\u017een\u00ed v\u00e1hy (nos\u00ed se vp\u0159edu) a v\u00edce prostoru pro j\u00eddlo.<br>Sbalenou celtu s v\u011bcmi polo\u017e\u00edme na rozlo\u017eenou tornu tak, aby jej\u00ed d\u00e9lka p\u0159esahovala p\u0159es rozp\u011bt\u00ed popruh\u016f. Pokud voz\u00edte karimatku (nebo jej\u00ed \u010d\u00e1st) \u010di igelit, je vhodn\u00e9 je um\u00edstit pod sbalen\u00fd v\u00e1lec na z\u00e1da.<\/p>\n<\/div><\/div>\n\n\n\n<hr class=\"wp-block-separator\"\/>\n\n\n\n<div class=\"wp-block-media-text alignwide is-stacked-on-mobile\" style=\"grid-template-columns:36% auto\"><figure class=\"wp-block-media-text__media\"><img loading=\"lazy\" decoding=\"async\" width=\"640\" height=\"480\" src=\"http:\/\/www.tulak.cz\/wp-content\/uploads\/2019\/02\/Jak-d\u00e1l.jpg\" alt=\"\" class=\"wp-image-1161 size-full\" srcset=\"https:\/\/www.tulak.cz\/wp-content\/uploads\/2019\/02\/Jak-d\u00e1l.jpg 640w, https:\/\/www.tulak.cz\/wp-content\/uploads\/2019\/02\/Jak-d\u00e1l-300x225.jpg 300w, https:\/\/www.tulak.cz\/wp-content\/uploads\/2019\/02\/Jak-d\u00e1l-600x450.jpg 600w\" sizes=\"auto, (max-width: 640px) 100vw, 640px\" \/><\/figure><div class=\"wp-block-media-text__content\">\n<p class=\"has-black-color has-text-color has-background has-medium-font-size\" style=\"background-color:#60f8b8\">Jak d\u00e1l<\/p>\n\n\n\n<p>Nejl\u00e9pe kolenem p\u0159iklekn\u011bte horn\u00ed \u010d\u00e1st, jazyk (ten dlouh\u00fd pruh) p\u0159ehn\u011bte p\u0159es v\u00e1lec a vypn\u011bte (tla\u010dte v\u00e1lec dol\u016f a jazyk nahoru). P\u0159ipn\u011bte horn\u00ed \u0159em\u00ednek a postupn\u011b i dal\u0161\u00ed a\u017e m\u00e1te v\u0161e sepnut\u00e9.<\/p>\n<\/div><\/div>\n\n\n\n<hr class=\"wp-block-separator\"\/>\n\n\n\n<div class=\"wp-block-media-text alignwide is-stacked-on-mobile\" style=\"grid-template-columns:36% auto\"><figure class=\"wp-block-media-text__media\"><img loading=\"lazy\" decoding=\"async\" width=\"360\" height=\"480\" src=\"http:\/\/www.tulak.cz\/wp-content\/uploads\/2019\/02\/Sbaleno.jpg\" alt=\"\" class=\"wp-image-1162 size-full\" srcset=\"https:\/\/www.tulak.cz\/wp-content\/uploads\/2019\/02\/Sbaleno.jpg 360w, https:\/\/www.tulak.cz\/wp-content\/uploads\/2019\/02\/Sbaleno-225x300.jpg 225w\" sizes=\"auto, (max-width: 360px) 100vw, 360px\" \/><\/figure><div class=\"wp-block-media-text__content\">\n<p class=\"has-black-color has-text-color has-background has-medium-font-size\" style=\"background-color:#60f8b8\">Sbaleno<\/p>\n\n\n\n<p>Tak takhle asi by to m\u011blo vypadat, ne\u017e p\u0159ipevn\u00edte v\u0161e nezbytn\u00e9. Do \u017erac\u00e1ku naho\u0159e d\u00e1te j\u00eddlo a pot\u0159ebn\u00e9 drobnosti (pokud je nem\u00e1te v kapse).<\/p>\n<\/div><\/div>\n\n\n\n<hr class=\"wp-block-separator\"\/>\n\n\n\n<div class=\"wp-block-media-text alignwide is-stacked-on-mobile\" style=\"grid-template-columns:36% auto\"><figure class=\"wp-block-media-text__media\"><img loading=\"lazy\" decoding=\"async\" width=\"360\" height=\"480\" src=\"http:\/\/www.tulak.cz\/wp-content\/uploads\/2019\/02\/A-ostatn\u00ed.jpg\" alt=\"\" class=\"wp-image-1163 size-full\" srcset=\"https:\/\/www.tulak.cz\/wp-content\/uploads\/2019\/02\/A-ostatn\u00ed.jpg 360w, https:\/\/www.tulak.cz\/wp-content\/uploads\/2019\/02\/A-ostatn\u00ed-225x300.jpg 225w\" sizes=\"auto, (max-width: 360px) 100vw, 360px\" \/><\/figure><div class=\"wp-block-media-text__content\">\n<p class=\"has-black-color has-text-color has-background has-medium-font-size\" style=\"background-color:#60f8b8\">A ostatn\u00ed<\/p>\n\n\n\n<p>E\u0161us samoz\u0159ejm\u011b v obalu, aby jste ne\u0161pinili spolucestuj\u00edc\u00ed, event. \u010dutora, fo\u0165\u00e1k nebo sekera se p\u0159ip\u00ednaj\u00ed na tornu. Nejv\u00fdhodn\u011bj\u0161\u00ed je paraguma (op\u011bt z v\u00fdbavy voj\u00e1k\u016f), co\u017e je kulat\u00e1 guma s h\u00e1\u010dky na obou konc\u00edch. Ale poslou\u017e\u00ed v\u00e1m stejn\u011b dob\u0159e i \u0159em\u00ednek \u010di \u0161\u00e1tek. Prov\u00e1zek u\u017e nen\u00ed nejstylov\u011bj\u0161\u00ed, ale kdy\u017e nen\u00ed nic lep\u0161\u00edho\u2026<\/p>\n<\/div><\/div>\n\n\n\n<hr class=\"wp-block-separator\"\/>\n\n\n\n<div class=\"wp-block-media-text alignwide is-stacked-on-mobile\" style=\"grid-template-columns:36% auto\"><figure class=\"wp-block-media-text__media\"><img loading=\"lazy\" decoding=\"async\" width=\"360\" height=\"480\" src=\"http:\/\/www.tulak.cz\/wp-content\/uploads\/2019\/02\/Hotovo-1.jpg\" alt=\"\" class=\"wp-image-1164 size-full\" srcset=\"https:\/\/www.tulak.cz\/wp-content\/uploads\/2019\/02\/Hotovo-1.jpg 360w, https:\/\/www.tulak.cz\/wp-content\/uploads\/2019\/02\/Hotovo-1-225x300.jpg 225w\" sizes=\"auto, (max-width: 360px) 100vw, 360px\" \/><\/figure><div class=\"wp-block-media-text__content\">\n<p class=\"has-black-color has-text-color has-background has-medium-font-size\" style=\"background-color:#60f8b8\">Hotovo<\/p>\n\n\n\n<p>A m\u016f\u017eete vyrazit. V\u00fdhoda US torny je skv\u011bl\u00e9 no\u0161en\u00ed, m\u00e1te voln\u00e9 ruce a perfektn\u011b sed\u00ed na z\u00e1dech. Ka\u017ed\u00fd si j\u00ed sbal\u00ed podle sv\u00e9 velikosti a netah\u00e1 s sebou zbyte\u010dnosti, proto\u017ee se mu prost\u011b nikam nevejdou. Nev\u00fdhodou je balen\u00ed za de\u0161t\u011b, kdy do mokr\u00e9 celty se bal\u00ed o dost h\u016f\u0159.<\/p>\n<\/div><\/div>\n","protected":false},"excerpt":{"rendered":"<p>Jak za\u010d\u00edt Polo\u017ete na zem celtu, na n\u00ed dejte spac\u00e1k, kter\u00fd upravte na \u0161\u00ed\u0159ku, kter\u00e1 ur\u010duje po sbalen\u00ed v\u00fd\u0161ku torny. Na spac\u00e1k, hned na za\u010d\u00e1tek narovnejte v\u011bci, kter\u00e9 pot\u0159ebujete s sebou, nap\u0159. pono\u017eky na span\u00ed, kulicha, svetr. Berte jen to nejnutn\u011bj\u0161\u00ed! Celta Toto je koso\u010dtverec, ale \u00fapln\u011b stejn\u011b zabal\u00edte do [&hellip;]<\/p>\n","protected":false},"author":1,"featured_media":1165,"comment_status":"closed","ping_status":"closed","sticky":false,"template":"","format":"standard","meta":{"footnotes":""},"categories":[3],"tags":[],"class_list":["post-1154","post","type-post","status-publish","format-standard","has-post-thumbnail","hentry","category-tabornicka-praxe"],"_links":{"self":[{"href":"https:\/\/www.tulak.cz\/index.php\/wp-json\/wp\/v2\/posts\/1154","targetHints":{"allow":["GET"]}}],"collection":[{"href":"https:\/\/www.tulak.cz\/index.php\/wp-json\/wp\/v2\/posts"}],"about":[{"href":"https:\/\/www.tulak.cz\/index.php\/wp-json\/wp\/v2\/types\/post"}],"author":[{"embeddable":true,"href":"https:\/\/www.tulak.cz\/index.php\/wp-json\/wp\/v2\/users\/1"}],"replies":[{"embeddable":true,"href":"https:\/\/www.tulak.cz\/index.php\/wp-json\/wp\/v2\/comments?post=1154"}],"version-history":[{"count":4,"href":"https:\/\/www.tulak.cz\/index.php\/wp-json\/wp\/v2\/posts\/1154\/revisions"}],"predecessor-version":[{"id":1328,"href":"https:\/\/www.tulak.cz\/index.php\/wp-json\/wp\/v2\/posts\/1154\/revisions\/1328"}],"wp:featuredmedia":[{"embeddable":true,"href":"https:\/\/www.tulak.cz\/index.php\/wp-json\/wp\/v2\/media\/1165"}],"wp:attachment":[{"href":"https:\/\/www.tulak.cz\/index.php\/wp-json\/wp\/v2\/media?parent=1154"}],"wp:term":[{"taxonomy":"category","embeddable":true,"href":"https:\/\/www.tulak.cz\/index.php\/wp-json\/wp\/v2\/categories?post=1154"},{"taxonomy":"post_tag","embeddable":true,"href":"https:\/\/www.tulak.cz\/index.php\/wp-json\/wp\/v2\/tags?post=1154"}],"curies":[{"name":"wp","href":"https:\/\/api.w.org\/{rel}","templated":true}]}}