{"id":1118,"date":"2019-02-18T16:45:28","date_gmt":"2019-02-18T16:45:28","guid":{"rendered":"http:\/\/www.tulak.cz\/?p=1118"},"modified":"2021-03-19T20:23:08","modified_gmt":"2021-03-19T20:23:08","slug":"pristresek-nad-taborovy-kruh","status":"publish","type":"post","link":"https:\/\/www.tulak.cz\/index.php\/2019\/02\/18\/pristresek-nad-taborovy-kruh\/","title":{"rendered":"P\u0159\u00edst\u0159e\u0161ek nad t\u00e1borov\u00fd kruh"},"content":{"rendered":"\n<p>N\u00e1\u0161 odd\u00edl m\u011bl p\u011bknou, ale malou klubovnu. V\u0161ichni se tam st\u011b\u017e\u00ed ve\u0161li,  proto se v\u011bt\u0161\u00ed \u010d\u00e1st odd\u00edlov\u00fdch sch\u016fzek konala venku u t\u00e1borov\u00e9ho kruhu,  kter\u00fd m\u00e1me vedle klubovny. <\/p>\n\n\n\n<figure class=\"wp-block-image size-large\"><img loading=\"lazy\" decoding=\"async\" width=\"1140\" height=\"1000\" src=\"https:\/\/www.tulak.cz\/wp-content\/uploads\/2021\/03\/tabkruhB-1140x1000.jpg\" alt=\"\" class=\"wp-image-1353\" srcset=\"https:\/\/www.tulak.cz\/wp-content\/uploads\/2021\/03\/tabkruhB-1140x1000.jpg 1140w, https:\/\/www.tulak.cz\/wp-content\/uploads\/2021\/03\/tabkruhB-640x561.jpg 640w, https:\/\/www.tulak.cz\/wp-content\/uploads\/2021\/03\/tabkruhB-300x263.jpg 300w, https:\/\/www.tulak.cz\/wp-content\/uploads\/2021\/03\/tabkruhB-768x674.jpg 768w, https:\/\/www.tulak.cz\/wp-content\/uploads\/2021\/03\/tabkruhB-1536x1347.jpg 1536w, https:\/\/www.tulak.cz\/wp-content\/uploads\/2021\/03\/tabkruhB-2048x1796.jpg 2048w, https:\/\/www.tulak.cz\/wp-content\/uploads\/2021\/03\/tabkruhB-600x526.jpg 600w\" sizes=\"auto, (max-width: 1140px) 100vw, 1140px\" \/><\/figure>\n\n\n\n<p>Velmi se n\u00e1m osv\u011bd\u010dil kruhov\u00fd p\u0159\u00edst\u0159e\u0161ek nad t\u00e1borov\u00fdm kruhem, jak se o  n\u011bm zmi\u0148uje E. T. Seton v Knize lesn\u00ed moudrosti. Odd\u00edl se v n\u011bm mohl  sch\u00e1zet za ka\u017ed\u00e9ho po\u010das\u00ed, i za de\u0161t\u011b, dokonce i v zim\u011b, proto\u017ee po  obvodu jsme zav\u011bsili plachty, kter\u00e9 vytvo\u0159ily z p\u0159\u00edst\u0159e\u0161ku uzav\u0159en\u00fd prostor s  otvorem uprost\u0159ed, kudy odch\u00e1zel kou\u0159. P\u0159i topen\u00ed dobr\u00fdm d\u0159\u00edv\u00edm zde bylo stejn\u00e9, nebo i v\u011bt\u0161\u00ed teplo ne\u017e v klubovn\u011b. A tak na ka\u017ed\u00e9 sch\u016fzce jsme mohli pro\u017e\u00edvat kouzlo t\u00e1borov\u00e9ho ohn\u011b. <\/p>\n\n\n\n<p class=\"has-black-color has-text-color has-background has-medium-font-size\" style=\"background-color:#60f8bf\">Jak si takov\u00fd p\u0159\u00edst\u0159e\u0161ek postavit: <\/p>\n\n\n\n<p>Nosn\u00e9 ty\u010de jsme si po dohod\u011b s hajn\u00fdm ud\u011blali v lese ze sou\u0161ek. Prkna  jsme koupili ve stavebnin\u00e1ch. Z\u00e1kladna na\u0161eho p\u0159\u00edst\u0159e\u0161ku je osmibok\u00e1,  jedna strana m\u011b\u0159\u00ed 2,5 m. V roz\u00edch osmi\u00faheln\u00edku jsou vzty\u010deny k\u016fly,  vysok\u00e9 2,20 m, naho\u0159e spojen\u00e9 prkny minim\u00e1ln\u011b 15 cm \u0161irok\u00fdmi.  Podp\u011brn\u00e9 k\u016fly pro st\u0159echu postav\u00edme do roh\u016f vnit\u0159n\u00edho osmi\u00faheln\u00edka,  kter\u00fd je men\u0161\u00ed o 120 cm. V\u00fd\u0161ku k\u016fl\u016f vol\u00edme podle sklonu st\u0159echy (asi 250  cm). <\/p>\n\n\n\n<figure class=\"wp-block-image size-large\"><img loading=\"lazy\" decoding=\"async\" width=\"1739\" height=\"1000\" src=\"https:\/\/www.tulak.cz\/wp-content\/uploads\/2021\/03\/tabkruhA-2-1739x1000.jpg\" alt=\"\" class=\"wp-image-1359\" srcset=\"https:\/\/www.tulak.cz\/wp-content\/uploads\/2021\/03\/tabkruhA-2-1739x1000.jpg 1739w, https:\/\/www.tulak.cz\/wp-content\/uploads\/2021\/03\/tabkruhA-2-640x368.jpg 640w, https:\/\/www.tulak.cz\/wp-content\/uploads\/2021\/03\/tabkruhA-2-300x173.jpg 300w, https:\/\/www.tulak.cz\/wp-content\/uploads\/2021\/03\/tabkruhA-2-768x442.jpg 768w, https:\/\/www.tulak.cz\/wp-content\/uploads\/2021\/03\/tabkruhA-2-1536x883.jpg 1536w, https:\/\/www.tulak.cz\/wp-content\/uploads\/2021\/03\/tabkruhA-2-2048x1178.jpg 2048w, https:\/\/www.tulak.cz\/wp-content\/uploads\/2021\/03\/tabkruhA-2-600x345.jpg 600w\" sizes=\"auto, (max-width: 1739px) 100vw, 1739px\" \/><\/figure>\n\n\n\n<p>K\u016fly jsou tak\u00e9 naho\u0159e po obvodu spojeny prkny. <\/p>\n\n\n\n<p class=\"has-black-color has-text-color has-background has-medium-font-size\" style=\"background-color:#60f8bf\">Postup stavby: <\/p>\n\n\n\n<p>Postav\u00edme  vn\u011bj\u0161\u00ed a vnit\u0159n\u00ed kruhy, kter\u00e9 podle ter\u00e9nu srovn\u00e1me do roviny. Rohov\u00e9  k\u016fly spoj\u00edme v horn\u00ed a doln\u00ed \u010d\u00e1sti prkny, viz obr. A. Dal\u0161\u00ed prkna  p\u0159ibijeme rovnom\u011brn\u011b po obvodu st\u0159echy. Konce prken, kter\u00e9 tvo\u0159\u00ed otvor  pro odv\u00e1d\u011bn\u00ed kou\u0159e, spoj\u00edme p\u0159\u00ed\u010dn\u00fdmi prkny, viz obr. B. St\u0159echu  p\u0159ikryjeme lepenkou. Doln\u00ed spojovac\u00ed prkna tvo\u0159\u00ed podp\u011bry pro lavice,  proto jejich v\u00fd\u0161ku vol\u00edme s ohledem na d\u011bti. Lavice m\u00e1me \u0161ir\u0161\u00ed, aby se  na nich dalo p\u0159i dvoudenn\u00ed akci u klubovny sp\u00e1t. Dv\u011b protilehl\u00e9 lavice  jsou odn\u00edmateln\u00e9, aby byl p\u0159\u00edst\u0159e\u0161ek pr\u016fchoz\u00ed. T\u0159i pole je vhodn\u00e9  zav\u011btrovat, viz obr. C.<\/p>\n","protected":false},"excerpt":{"rendered":"<p>N\u00e1\u0161 odd\u00edl m\u011bl p\u011bknou, ale malou klubovnu. V\u0161ichni se tam st\u011b\u017e\u00ed ve\u0161li, proto se v\u011bt\u0161\u00ed \u010d\u00e1st odd\u00edlov\u00fdch sch\u016fzek konala venku u t\u00e1borov\u00e9ho kruhu, kter\u00fd m\u00e1me vedle klubovny. Velmi se n\u00e1m osv\u011bd\u010dil kruhov\u00fd p\u0159\u00edst\u0159e\u0161ek nad t\u00e1borov\u00fdm kruhem, jak se o n\u011bm zmi\u0148uje E. T. Seton v Knize lesn\u00ed moudrosti. Odd\u00edl se [&hellip;]<\/p>\n","protected":false},"author":1,"featured_media":1121,"comment_status":"closed","ping_status":"closed","sticky":false,"template":"","format":"standard","meta":{"footnotes":""},"categories":[3],"tags":[],"class_list":["post-1118","post","type-post","status-publish","format-standard","has-post-thumbnail","hentry","category-tabornicka-praxe"],"_links":{"self":[{"href":"https:\/\/www.tulak.cz\/index.php\/wp-json\/wp\/v2\/posts\/1118","targetHints":{"allow":["GET"]}}],"collection":[{"href":"https:\/\/www.tulak.cz\/index.php\/wp-json\/wp\/v2\/posts"}],"about":[{"href":"https:\/\/www.tulak.cz\/index.php\/wp-json\/wp\/v2\/types\/post"}],"author":[{"embeddable":true,"href":"https:\/\/www.tulak.cz\/index.php\/wp-json\/wp\/v2\/users\/1"}],"replies":[{"embeddable":true,"href":"https:\/\/www.tulak.cz\/index.php\/wp-json\/wp\/v2\/comments?post=1118"}],"version-history":[{"count":2,"href":"https:\/\/www.tulak.cz\/index.php\/wp-json\/wp\/v2\/posts\/1118\/revisions"}],"predecessor-version":[{"id":1360,"href":"https:\/\/www.tulak.cz\/index.php\/wp-json\/wp\/v2\/posts\/1118\/revisions\/1360"}],"wp:featuredmedia":[{"embeddable":true,"href":"https:\/\/www.tulak.cz\/index.php\/wp-json\/wp\/v2\/media\/1121"}],"wp:attachment":[{"href":"https:\/\/www.tulak.cz\/index.php\/wp-json\/wp\/v2\/media?parent=1118"}],"wp:term":[{"taxonomy":"category","embeddable":true,"href":"https:\/\/www.tulak.cz\/index.php\/wp-json\/wp\/v2\/categories?post=1118"},{"taxonomy":"post_tag","embeddable":true,"href":"https:\/\/www.tulak.cz\/index.php\/wp-json\/wp\/v2\/tags?post=1118"}],"curies":[{"name":"wp","href":"https:\/\/api.w.org\/{rel}","templated":true}]}}