{"id":1101,"date":"2019-02-18T13:34:52","date_gmt":"2019-02-18T13:34:52","guid":{"rendered":"http:\/\/www.tulak.cz\/?p=1101"},"modified":"2019-02-18T16:33:43","modified_gmt":"2019-02-18T16:33:43","slug":"stola-u-klince","status":"publish","type":"post","link":"https:\/\/www.tulak.cz\/index.php\/2019\/02\/18\/stola-u-klince\/","title":{"rendered":"\u0160tola u Kl\u00ednce"},"content":{"rendered":"\n<p>Zalo\u017een\u00ed Kl\u00ednce je spojeno s t\u011b\u017ebou zlata a polodrahokam\u016f. Pam\u00e1tkou t\u00e9to t\u011b\u017eby jsou kope\u010dkovit\u00e9 \u00fatvary zvan\u00e9 sejpy a j\u00e1my zvan\u00e9 pinky, kter\u00e9 se hojn\u011b vyskytuj\u00ed v okoln\u00edch les\u00edch. Jejich v\u00fdskyt dal vzniknout m\u00edstn\u00edmu n\u00e1zvu \u201ePinkousy\u201c. Zalesn\u011bn\u00e9 \u00fadol\u00ed pod obc\u00ed je poz\u016fstatkem po t\u011b\u017eb\u011b zlata. Dodnes je v ter\u00e9nu patrn\u00fd n\u00e1hon, kter\u00fd p\u0159iv\u00e1d\u011bl do dolu vodu z rybn\u00edk\u016f pod vs\u00ed. Ve skaln\u00edm h\u0159bet\u011b, kter\u00fd odd\u011bloval povrchov\u00fd d\u016fl od potoka, je ve sk\u00e1le vyl\u00e1m\u00e1na asi 100m dlouh\u00e1 odvod\u0148ovac\u00ed \u0161tola \u201e\u010certovka\u201c. Cel\u00e9 \u00fadol\u00ed je toti\u017e d\u00edlem st\u0159edov\u011bk\u00fdch hav\u00ed\u0159\u016f.<\/p>\n\n\n\n<p>\u0160tola je nedaleko vlakov\u00e9 zast\u00e1vky Kl\u00ednec, mezi obc\u00ed a zast\u00e1vkou. Je to asi 8 km na jihoz\u00e1pad od Prahy.<\/p>\n\n\n\n<ul class=\"wp-block-gallery columns-2 is-cropped wp-block-gallery-1 is-layout-flex wp-block-gallery-is-layout-flex\"><li class=\"blocks-gallery-item\"><figure><img loading=\"lazy\" decoding=\"async\" width=\"750\" height=\"1000\" src=\"http:\/\/www.tulak.cz\/wp-content\/uploads\/2019\/02\/dscn2688-750x1000.jpg\" alt=\"\" data-id=\"1103\" data-link=\"http:\/\/www.tulak.cz\/?attachment_id=1103\" class=\"wp-image-1103\" srcset=\"https:\/\/www.tulak.cz\/wp-content\/uploads\/2019\/02\/dscn2688-750x1000.jpg 750w, https:\/\/www.tulak.cz\/wp-content\/uploads\/2019\/02\/dscn2688-225x300.jpg 225w, https:\/\/www.tulak.cz\/wp-content\/uploads\/2019\/02\/dscn2688-480x640.jpg 480w, https:\/\/www.tulak.cz\/wp-content\/uploads\/2019\/02\/dscn2688-768x1024.jpg 768w, https:\/\/www.tulak.cz\/wp-content\/uploads\/2019\/02\/dscn2688-600x800.jpg 600w, https:\/\/www.tulak.cz\/wp-content\/uploads\/2019\/02\/dscn2688.jpg 1200w\" sizes=\"auto, (max-width: 750px) 100vw, 750px\" \/><\/figure><\/li><li class=\"blocks-gallery-item\"><figure><img loading=\"lazy\" decoding=\"async\" width=\"750\" height=\"1000\" src=\"http:\/\/www.tulak.cz\/wp-content\/uploads\/2019\/02\/dscn2692-750x1000.jpg\" alt=\"\" data-id=\"1104\" data-link=\"http:\/\/www.tulak.cz\/?attachment_id=1104\" class=\"wp-image-1104\" srcset=\"https:\/\/www.tulak.cz\/wp-content\/uploads\/2019\/02\/dscn2692-750x1000.jpg 750w, https:\/\/www.tulak.cz\/wp-content\/uploads\/2019\/02\/dscn2692-225x300.jpg 225w, https:\/\/www.tulak.cz\/wp-content\/uploads\/2019\/02\/dscn2692-480x640.jpg 480w, https:\/\/www.tulak.cz\/wp-content\/uploads\/2019\/02\/dscn2692-768x1024.jpg 768w, https:\/\/www.tulak.cz\/wp-content\/uploads\/2019\/02\/dscn2692-600x800.jpg 600w, https:\/\/www.tulak.cz\/wp-content\/uploads\/2019\/02\/dscn2692.jpg 1200w\" sizes=\"auto, (max-width: 750px) 100vw, 750px\" \/><\/figure><\/li><li class=\"blocks-gallery-item\"><figure><img loading=\"lazy\" decoding=\"async\" width=\"1280\" height=\"960\" src=\"http:\/\/www.tulak.cz\/wp-content\/uploads\/2019\/02\/PICT0011.jpg\" alt=\"\" data-id=\"1105\" data-link=\"http:\/\/www.tulak.cz\/?attachment_id=1105\" class=\"wp-image-1105\" srcset=\"https:\/\/www.tulak.cz\/wp-content\/uploads\/2019\/02\/PICT0011.jpg 1280w, https:\/\/www.tulak.cz\/wp-content\/uploads\/2019\/02\/PICT0011-300x225.jpg 300w, https:\/\/www.tulak.cz\/wp-content\/uploads\/2019\/02\/PICT0011-640x480.jpg 640w, https:\/\/www.tulak.cz\/wp-content\/uploads\/2019\/02\/PICT0011-768x576.jpg 768w, https:\/\/www.tulak.cz\/wp-content\/uploads\/2019\/02\/PICT0011-600x450.jpg 600w\" sizes=\"auto, (max-width: 1280px) 100vw, 1280px\" \/><\/figure><\/li><li class=\"blocks-gallery-item\"><figure><img loading=\"lazy\" decoding=\"async\" width=\"1280\" height=\"960\" src=\"http:\/\/www.tulak.cz\/wp-content\/uploads\/2019\/02\/PICT0003.jpg\" alt=\"\" data-id=\"1106\" data-link=\"http:\/\/www.tulak.cz\/?attachment_id=1106\" class=\"wp-image-1106\" srcset=\"https:\/\/www.tulak.cz\/wp-content\/uploads\/2019\/02\/PICT0003.jpg 1280w, https:\/\/www.tulak.cz\/wp-content\/uploads\/2019\/02\/PICT0003-300x225.jpg 300w, https:\/\/www.tulak.cz\/wp-content\/uploads\/2019\/02\/PICT0003-640x480.jpg 640w, https:\/\/www.tulak.cz\/wp-content\/uploads\/2019\/02\/PICT0003-768x576.jpg 768w, https:\/\/www.tulak.cz\/wp-content\/uploads\/2019\/02\/PICT0003-600x450.jpg 600w\" sizes=\"auto, (max-width: 1280px) 100vw, 1280px\" \/><\/figure><\/li><li class=\"blocks-gallery-item\"><figure><img loading=\"lazy\" decoding=\"async\" width=\"1600\" height=\"748\" src=\"http:\/\/www.tulak.cz\/wp-content\/uploads\/2019\/02\/mapy2-1.png\" alt=\"\" data-id=\"1108\" data-link=\"http:\/\/www.tulak.cz\/?attachment_id=1108\" class=\"wp-image-1108\" srcset=\"https:\/\/www.tulak.cz\/wp-content\/uploads\/2019\/02\/mapy2-1.png 1600w, https:\/\/www.tulak.cz\/wp-content\/uploads\/2019\/02\/mapy2-1-300x140.png 300w, https:\/\/www.tulak.cz\/wp-content\/uploads\/2019\/02\/mapy2-1-640x299.png 640w, https:\/\/www.tulak.cz\/wp-content\/uploads\/2019\/02\/mapy2-1-768x359.png 768w, https:\/\/www.tulak.cz\/wp-content\/uploads\/2019\/02\/mapy2-1-600x281.png 600w\" sizes=\"auto, (max-width: 1600px) 100vw, 1600px\" \/><\/figure><\/li><\/ul>\n","protected":false},"excerpt":{"rendered":"<p>Zalo\u017een\u00ed Kl\u00ednce je spojeno s t\u011b\u017ebou zlata a polodrahokam\u016f. Pam\u00e1tkou t\u00e9to t\u011b\u017eby jsou kope\u010dkovit\u00e9 \u00fatvary zvan\u00e9 sejpy a j\u00e1my zvan\u00e9 pinky, kter\u00e9 se hojn\u011b vyskytuj\u00ed v okoln\u00edch les\u00edch. Jejich v\u00fdskyt dal vzniknout m\u00edstn\u00edmu n\u00e1zvu \u201ePinkousy\u201c. Zalesn\u011bn\u00e9 \u00fadol\u00ed pod obc\u00ed je poz\u016fstatkem po t\u011b\u017eb\u011b zlata. Dodnes je v ter\u00e9nu patrn\u00fd n\u00e1hon, [&hellip;]<\/p>\n","protected":false},"author":1,"featured_media":1102,"comment_status":"closed","ping_status":"closed","sticky":false,"template":"","format":"standard","meta":{"footnotes":""},"categories":[4],"tags":[],"class_list":["post-1101","post","type-post","status-publish","format-standard","has-post-thumbnail","hentry","category-tipy-na-vypravu"],"_links":{"self":[{"href":"https:\/\/www.tulak.cz\/index.php\/wp-json\/wp\/v2\/posts\/1101","targetHints":{"allow":["GET"]}}],"collection":[{"href":"https:\/\/www.tulak.cz\/index.php\/wp-json\/wp\/v2\/posts"}],"about":[{"href":"https:\/\/www.tulak.cz\/index.php\/wp-json\/wp\/v2\/types\/post"}],"author":[{"embeddable":true,"href":"https:\/\/www.tulak.cz\/index.php\/wp-json\/wp\/v2\/users\/1"}],"replies":[{"embeddable":true,"href":"https:\/\/www.tulak.cz\/index.php\/wp-json\/wp\/v2\/comments?post=1101"}],"version-history":[{"count":2,"href":"https:\/\/www.tulak.cz\/index.php\/wp-json\/wp\/v2\/posts\/1101\/revisions"}],"predecessor-version":[{"id":1117,"href":"https:\/\/www.tulak.cz\/index.php\/wp-json\/wp\/v2\/posts\/1101\/revisions\/1117"}],"wp:featuredmedia":[{"embeddable":true,"href":"https:\/\/www.tulak.cz\/index.php\/wp-json\/wp\/v2\/media\/1102"}],"wp:attachment":[{"href":"https:\/\/www.tulak.cz\/index.php\/wp-json\/wp\/v2\/media?parent=1101"}],"wp:term":[{"taxonomy":"category","embeddable":true,"href":"https:\/\/www.tulak.cz\/index.php\/wp-json\/wp\/v2\/categories?post=1101"},{"taxonomy":"post_tag","embeddable":true,"href":"https:\/\/www.tulak.cz\/index.php\/wp-json\/wp\/v2\/tags?post=1101"}],"curies":[{"name":"wp","href":"https:\/\/api.w.org\/{rel}","templated":true}]}}